{"id":54115,"date":"2019-05-23T23:51:09","date_gmt":"2019-05-23T23:51:09","guid":{"rendered":"https:\/\/colimdo.org\/?p=54115"},"modified":"2019-05-23T23:51:09","modified_gmt":"2019-05-23T23:51:09","slug":"torneos-itf-volveran-puntuar-rankings-atp-wta","status":"publish","type":"post","link":"https:\/\/colimdo.org\/noticias\/torneos-itf-volveran-puntuar-rankings-atp-wta\/","title":{"rendered":"Torneos ITF volver\u00e1n a puntuar para rankings ATP y WTA"},"content":{"rendered":"<p>La Federaci\u00f3n Internacional de\u00a0Tenis (ITF) anunci\u00f3 un acuerdo con la Asociaci\u00f3n de Tenistas Profesionales (ATP) y\u00a0la Asociaci\u00f3n Femenina de Tenis WTA para optimizar la estructura del tenis profesional con el fin de proporcionar competitividad adicional, oportunidades y un camino claro y justo para los jugadores con talento.<\/p>\n<p>El acuerdo incluye la asignaci\u00f3n de puntos ATP y WTA a los torneos $15,000 ITF World Tennis Tour, puntos de clasificaci\u00f3n adicionales en los torneos de $25,000 para hombres, as\u00ed como un aumento de oportunidades con draws de clasificaci\u00f3n individuales de 48 jugadores.<\/p>\n<p>Los rankings se actualizar\u00e1n con la nueva asignaci\u00f3n de puntos el 5 de agosto de 2019, los cuales se aplicar\u00e1n de forma retroactiva a todos los torneos jugados desde agosto de 2018.<\/p>\n","protected":false},"excerpt":{"rendered":"<p>El acuerdo incluye la asignaci\u00f3n de puntos ATP y WTA a los torneos $15,000 ITF World Tennis Tour, puntos de clasificaci\u00f3n adicionales en los torneos de $25,000 para hombres, as\u00ed como un aumento de oportunidades con draws de clasificaci\u00f3n individuales de 48 jugadores.<\/p>\n","protected":false},"author":16,"featured_media":54116,"comment_status":"closed","ping_status":"closed","sticky":false,"template":"","format":"standard","meta":[],"categories":[2,60],"tags":[],"acf":[],"_links":{"self":[{"href":"https:\/\/colimdo.org\/wp-api\/wp\/v2\/posts\/54115"}],"collection":[{"href":"https:\/\/colimdo.org\/wp-api\/wp\/v2\/posts"}],"about":[{"href":"https:\/\/colimdo.org\/wp-api\/wp\/v2\/types\/post"}],"author":[{"embeddable":true,"href":"https:\/\/colimdo.org\/wp-api\/wp\/v2\/users\/16"}],"replies":[{"embeddable":true,"href":"https:\/\/colimdo.org\/wp-api\/wp\/v2\/comments?post=54115"}],"version-history":[{"count":1,"href":"https:\/\/colimdo.org\/wp-api\/wp\/v2\/posts\/54115\/revisions"}],"predecessor-version":[{"id":54117,"href":"https:\/\/colimdo.org\/wp-api\/wp\/v2\/posts\/54115\/revisions\/54117"}],"wp:featuredmedia":[{"embeddable":true,"href":"https:\/\/colimdo.org\/wp-api\/wp\/v2\/media\/54116"}],"wp:attachment":[{"href":"https:\/\/colimdo.org\/wp-api\/wp\/v2\/media?parent=54115"}],"wp:term":[{"taxonomy":"category","embeddable":true,"href":"https:\/\/colimdo.org\/wp-api\/wp\/v2\/categories?post=54115"},{"taxonomy":"post_tag","embeddable":true,"href":"https:\/\/colimdo.org\/wp-api\/wp\/v2\/tags?post=54115"}],"curies":[{"name":"wp","href":"https:\/\/api.w.org\/{rel}","templated":true}]}}