{"id":54124,"date":"2019-05-24T00:17:20","date_gmt":"2019-05-24T00:17:20","guid":{"rendered":"https:\/\/colimdo.org\/?p=54124"},"modified":"2019-05-24T00:17:20","modified_gmt":"2019-05-24T00:17:20","slug":"harden-antetokounmpo-george-lideran-la-votacion-primer-equipo-la-nba","status":"publish","type":"post","link":"https:\/\/colimdo.org\/noticias\/harden-antetokounmpo-george-lideran-la-votacion-primer-equipo-la-nba\/","title":{"rendered":"Harden, Antetokounmpo y George lideran la votaci\u00f3n para Primer Equipo de la NBA"},"content":{"rendered":"<p class=\"canvas-atom canvas-text Mb(1.0em) Mb(0)--sm Mt(0.8em)--sm\">Nueva York, 23 may (EFE).- El escolta de los Rockets de Houston James Harden, el ala-p\u00edvot de los Bucks de Milwaukee Giannis Antetokounmpo y el alero de los Thunder de Oklahoma City Paul George encabezan las votaciones para el Primer Equipo de la NBA.<\/p>\n<p class=\"canvas-atom canvas-text Mb(1.0em) Mb(0)--sm Mt(0.8em)--sm\">Los tres, que son finalistas para el premio de Jugador M\u00e1s Valioso (MVP) de la liga, son seguidos por el base de los Warriors de Golden State Stephen Curry, y el p\u00edvot serbio de los Nuggets de Denver, Nikola Jokic.<\/p>\n<p class=\"canvas-atom canvas-text Mb(1.0em) Mb(0)--sm Mt(0.8em)--sm\">Harden y Antetokounmpo, quien llega por segundo a\u00f1o consecutivo al primer equipo, fueron elegidos por unanimidad con los votos que entregaron 100 periodistas que cubren la informaci\u00f3n de la NBA.<\/p>\n<p class=\"canvas-atom canvas-text Mb(1.0em) Mb(0)--sm Mt(0.8em)--sm\">La elecci\u00f3n de Antetokounmpo, de 24 a\u00f1os, llega antes que este verano el jugador griego firme el contrato mayor en la historia de la NBA con 247,3 millones de d\u00f3lares y cinco temporadas.<\/p>\n<p class=\"canvas-atom canvas-text Mb(1.0em) Mb(0)--sm Mt(0.8em)--sm\">La estrella de los Bucks est\u00e1 programado para ser agente libre el en el mes de julio del 2020.<\/p>\n<p class=\"canvas-atom canvas-text Mb(1.0em) Mb(0)--sm Mt(0.8em)--sm\">La gran sorpresa en la votaci\u00f3n fue ver fuera del Primer Equipo al alero estrella LeBron James, de Los Angeles Lakers, algo que no le suced\u00eda desde el a\u00f1o 2007 cuando qued\u00f3 en el Segundo Equipo.<\/p>\n<p class=\"canvas-atom canvas-text Mb(1.0em) Mb(0)--sm Mt(0.8em)--sm\">Esta vez la votaci\u00f3n no le dio m\u00e1s que para el Tercer Equipo, aunque le sirvi\u00f3 para se elegido a un Equipo de All-NBA por decimoquinta vez consecutiva, que le permiti\u00f3 empatar con los legendarios Kobe Bryant, Tim Duncan y Kareem Abdul-Jabbar.<\/p>\n<p class=\"canvas-atom canvas-text Mb(1.0em) Mb(0)--sm Mt(0.8em)--sm\">El Segundo Equipo de la NBA qued\u00f3 formado por los bases Damian Lillard, de los Trail Blazers de Portland y Kyrie Irving, de los Celtics de Boston, adem\u00e1s de los aleros Kevin Durant, de los Warriors y Kawhi Leonard, de los Raptors de Toronto, junto al p\u00edvot camerun\u00e9s, de los Sixers de Filadelfia, Joel Embiid.<\/p>\n<p class=\"canvas-atom canvas-text Mb(1.0em) Mb(0)--sm Mt(0.8em)--sm\">Junto a James en el Tercer Equipo de la NBA quedaron el base Russell Westbrook, de los Thunder, el base Kemba Walker, de los Hornets de Charlotte, el ala-p\u00edvot Blake Griffin, de los Pistons de Detroit y el p\u00edvot de los Jazz de Utah, Rudy Gobert.<\/p>\n<p class=\"canvas-atom canvas-text Mb(1.0em) Mb(0)--sm Mt(0.8em)--sm\">La selecci\u00f3n de los Mejores Equipos de la NBA era importante para algunos jugadores que podr\u00edan ser elegibles este verano como veteranos designados que reciban una extensi\u00f3n de contrato que se conoce como &#8216;supermax&#8217; si forman parte de los tres equipos.<\/p>\n<p class=\"canvas-atom canvas-text Mb(1.0em) Mb(0)--sm Mt(0.8em)--sm\">Lillard y Walker pueden clasificar, mientras quedaron por fuera los escoltas Bradley Beal, de los Wizards de Washington, y Klay Thompson, de los Warriors.<\/p>\n<p class=\"canvas-atom canvas-text Mb(1.0em) Mb(0)--sm Mt(0.8em)--sm\">Los Trail Blazers pueden ofrecer a Lillard una extensi\u00f3n de contrato por cuatro a\u00f1os y 191 millones de d\u00f3lares.<\/p>\n<p class=\"canvas-atom canvas-text Mb(1.0em) Mb(0)--sm Mt(0.8em)--sm\">Mientras que los Hornets decidir\u00e1n si le van a dar a Walker un contrato por cinco temporadas y 221 millones de d\u00f3lares cuando se convierta en agente libre a partir del pr\u00f3ximo 1 de julio.<\/p>\n<p class=\"canvas-atom canvas-text Mb(1.0em) Mb(0)--sm Mt(0.8em)--sm\">Se espera que Lillard firme la extensi\u00f3n de contrato con los Trail Blazers, pero no es seguro que suceda lo mismo con Walker y los Hornets, eliminados de los &#8216;playoffs&#8217;, y el jugador franquicia ser\u00e1 el que tenga la \u00faltima palabra ya que ser\u00e1 un agente libre sin restricciones.<\/p>\n","protected":false},"excerpt":{"rendered":"<p>La gran sorpresa en la votaci\u00f3n fue ver fuera del Primer Equipo al alero estrella LeBron James, de Los Angeles Lakers, algo que no le suced\u00eda desde el a\u00f1o 2007 cuando qued\u00f3 en el Segundo Equipo.<\/p>\n","protected":false},"author":16,"featured_media":54125,"comment_status":"closed","ping_status":"closed","sticky":false,"template":"","format":"standard","meta":[],"categories":[2,60],"tags":[],"acf":[],"_links":{"self":[{"href":"https:\/\/colimdo.org\/wp-api\/wp\/v2\/posts\/54124"}],"collection":[{"href":"https:\/\/colimdo.org\/wp-api\/wp\/v2\/posts"}],"about":[{"href":"https:\/\/colimdo.org\/wp-api\/wp\/v2\/types\/post"}],"author":[{"embeddable":true,"href":"https:\/\/colimdo.org\/wp-api\/wp\/v2\/users\/16"}],"replies":[{"embeddable":true,"href":"https:\/\/colimdo.org\/wp-api\/wp\/v2\/comments?post=54124"}],"version-history":[{"count":1,"href":"https:\/\/colimdo.org\/wp-api\/wp\/v2\/posts\/54124\/revisions"}],"predecessor-version":[{"id":54126,"href":"https:\/\/colimdo.org\/wp-api\/wp\/v2\/posts\/54124\/revisions\/54126"}],"wp:featuredmedia":[{"embeddable":true,"href":"https:\/\/colimdo.org\/wp-api\/wp\/v2\/media\/54125"}],"wp:attachment":[{"href":"https:\/\/colimdo.org\/wp-api\/wp\/v2\/media?parent=54124"}],"wp:term":[{"taxonomy":"category","embeddable":true,"href":"https:\/\/colimdo.org\/wp-api\/wp\/v2\/categories?post=54124"},{"taxonomy":"post_tag","embeddable":true,"href":"https:\/\/colimdo.org\/wp-api\/wp\/v2\/tags?post=54124"}],"curies":[{"name":"wp","href":"https:\/\/api.w.org\/{rel}","templated":true}]}}