{"id":54156,"date":"2019-05-24T11:56:06","date_gmt":"2019-05-24T11:56:06","guid":{"rendered":"https:\/\/colimdo.org\/?p=54156"},"modified":"2019-05-24T15:10:03","modified_gmt":"2019-05-24T15:10:03","slug":"fraccari-la-wbsc-expresan-pesar-fallecimiento-tito-pereyra","status":"publish","type":"post","link":"https:\/\/colimdo.org\/noticias\/fraccari-la-wbsc-expresan-pesar-fallecimiento-tito-pereyra\/","title":{"rendered":"Fraccari y la WBSC expresan pesar por fallecimiento de Tito Pereyra"},"content":{"rendered":"<p><strong>SANTO DOMINGO.-<\/strong> La Confederaci\u00f3n Mundial de B\u00e9isbol y S\u00f3ftbol (WBSC por sus siglas en ingl\u00e9s) y su presidente Riccardo Fraccari, mostraron pesar por la muerte de H\u00e9ctor \u201cTito\u201d Pereyra, presidente de la Federaci\u00f3n Dominicana de B\u00e9isbol (FEDOBE).<\/p>\n<p>\u201cEstoy sorprendido y muy triste por el fallecimiento de H\u00e9ctor \u201cTito\u201d Pereyra, un apasionado l\u00edder del b\u00e9isbol del continente Americano y un amigo de largo tiempo\u201d, escribi\u00f3 Fraccari en su cuenta de twitter (@WBSCPresident) a las 7:21 de la ma\u00f1ana de este viernes.<\/p>\n<p>\u201cEsta es una gran p\u00e9rdida para el movimiento internacional del b\u00e9isbol y para nuestro deporte en la Rep\u00fablica Dominicana. En nombre de la Confederaci\u00f3n env\u00edo mis m\u00e1s profundas condolencias y oraciones a sus familiares, amigos, colegas y a todos aquellos que le van a extra\u00f1ar\u201d, sigui\u00f3 diciendo.<\/p>\n<p>Al momento de expresar sus condolencias, Fraccari tambi\u00e9n coloc\u00f3 una foto de Pereyra en la mencionada red social.<\/p>\n<p>Pereyra falleci\u00f3 este jueves producto de un infarto card\u00edaco. Su deceso se produjo alrededor de las 11:00 de la noche en su hogar, donde estuvo recluido en los \u00faltimos meses debido a que estaba afectado de un c\u00e1ncer en el est\u00f3mago.<\/p>\n<p>\u201cTito\u201d dirigi\u00f3 la FEDOBE por alrededor de tres d\u00e9cadas, siendo pieza clave en la organizaci\u00f3n del equipo dominicano que obtuvo la corona en el Cl\u00e1sico Mundial de B\u00e9isbol 2013.<\/p>\n<p>Su cuerpo estar\u00e1 siendo expuesto en la Funeraria Blandino, ubicada en la calle 27 de febrero esquina 6 de febrero en Santiago de los Caballeros, a partir de hoy viernes a las 6:00 de la tarde. Su cristiana sepultura se realizar\u00e1 el domingo 26 a las 11:00 de la ma\u00f1ana, en el Cementerio de El Ingenio ubicado en la Avenida Circunvalaci\u00f3n de Santiago.<\/p>\n<p>&nbsp;<\/p>\n<p>&nbsp;<\/p>\n","protected":false},"excerpt":{"rendered":"<p>SANTO DOMINGO.- La Confederaci\u00f3n Mundial de B\u00e9isbol y S\u00f3ftbol (WBSC por sus siglas en ingl\u00e9s) y su presidente Riccardo Fraccari, mostraron pesar por la muerte de H\u00e9ctor \u201cTito\u201d Pereyra, presidente de la Federaci\u00f3n Dominicana de B\u00e9isbol (FEDOBE). \u201cEstoy sorprendido y muy triste por el fallecimiento de H\u00e9ctor \u201cTito\u201d Pereyra, un apasionado l\u00edder del b\u00e9isbol del [&hellip;]<\/p>\n","protected":false},"author":9,"featured_media":54157,"comment_status":"closed","ping_status":"closed","sticky":false,"template":"","format":"standard","meta":[],"categories":[3,2,60],"tags":[],"acf":[],"_links":{"self":[{"href":"https:\/\/colimdo.org\/wp-api\/wp\/v2\/posts\/54156"}],"collection":[{"href":"https:\/\/colimdo.org\/wp-api\/wp\/v2\/posts"}],"about":[{"href":"https:\/\/colimdo.org\/wp-api\/wp\/v2\/types\/post"}],"author":[{"embeddable":true,"href":"https:\/\/colimdo.org\/wp-api\/wp\/v2\/users\/9"}],"replies":[{"embeddable":true,"href":"https:\/\/colimdo.org\/wp-api\/wp\/v2\/comments?post=54156"}],"version-history":[{"count":5,"href":"https:\/\/colimdo.org\/wp-api\/wp\/v2\/posts\/54156\/revisions"}],"predecessor-version":[{"id":54179,"href":"https:\/\/colimdo.org\/wp-api\/wp\/v2\/posts\/54156\/revisions\/54179"}],"wp:featuredmedia":[{"embeddable":true,"href":"https:\/\/colimdo.org\/wp-api\/wp\/v2\/media\/54157"}],"wp:attachment":[{"href":"https:\/\/colimdo.org\/wp-api\/wp\/v2\/media?parent=54156"}],"wp:term":[{"taxonomy":"category","embeddable":true,"href":"https:\/\/colimdo.org\/wp-api\/wp\/v2\/categories?post=54156"},{"taxonomy":"post_tag","embeddable":true,"href":"https:\/\/colimdo.org\/wp-api\/wp\/v2\/tags?post=54156"}],"curies":[{"name":"wp","href":"https:\/\/api.w.org\/{rel}","templated":true}]}}