{"id":54175,"date":"2019-05-24T14:47:41","date_gmt":"2019-05-24T14:47:41","guid":{"rendered":"https:\/\/colimdo.org\/?p=54175"},"modified":"2019-05-24T14:47:41","modified_gmt":"2019-05-24T14:47:41","slug":"lidom-escogido-lamentan-fallecimiento-tito-pereyra","status":"publish","type":"post","link":"https:\/\/colimdo.org\/noticias\/lidom-escogido-lamentan-fallecimiento-tito-pereyra\/","title":{"rendered":"LIDOM y el Escogido lamentan fallecimiento de &#8220;Tito&#8221; Pereyra"},"content":{"rendered":"<p><strong>SANTO DOMINGO.-<\/strong> La Liga de B\u00e9isbol Profesional de Rep\u00fablica Dominicana (Lidom) mostr\u00f3 su pesar por la muerte de H\u00e9ctor (Tito) Pereyra, presidente de la Federaci\u00f3n Dominicana de B\u00e9isbol (Fedobe).<\/p>\n<p>A trav\u00e9s de un documento de prensa, Vitelio Mej\u00eda Ortiz, presidente de Lidom, expres\u00f3 su profunda pena por el fallecimiento del dirigente federado y envi\u00f3 un mensaje de aliento a sus familiares en estos momentos de dolor.<\/p>\n<p>\u201cSu muerte cubre de luto no solo a su familia y a sus amigos, sino a toda la sociedad dominicana y al deporte nacional, muy especialmente al b\u00e9isbol que tanto am\u00f3 y al que con tanta pasi\u00f3n le dedic\u00f3 su vida\u201d, declar\u00f3 Mej\u00eda Ortiz. \u201cQue la gracia de Dios traducida en conformidad sea con su familia y que \u00e9l haya sido escogido por el creador para morar por siempre ante el trono de su se\u00f1or\u201d.<\/p>\n<p>Mej\u00eda Ortiz reconoci\u00f3 los m\u00e9ritos como dirigente deportivo de Pereyra, quien estuvo involucrado en el campeonato del equipo dominicano en el Cl\u00e1sico Mundial de B\u00e9isbol en 2013.<\/p>\n<p>Nativo de La Vega, Pereyra dirigi\u00f3 por casi tres d\u00e9cadas a la Fedobe. Tambi\u00e9n era presidente de la Confederaci\u00f3n Panamericana de B\u00e9isbol (Copabe).<\/p>\n<p><strong>ESCOGIDO TAMBI\u00c9N LAMENTA DECESO DE PEREYRA<\/strong><\/p>\n<p><strong>SANTO DOMINGO.- <\/strong>La Directiva del Escogido Baseball Club expresa su pesar por el fallecimiento de H\u00e9ctor \u201cTito\u201d Pereyra, presidente de la Federaci\u00f3n Dominicana de B\u00e9isbol (FEDOBE) y de la Confederaci\u00f3n Panamericana de B\u00e9isbol (COPABE).<\/p>\n<p>Pereyra falleci\u00f3 anoche de un infarto card\u00edaco en su hogar, donde estuvo recluido durante los \u00faltimos meses debido a que estaba afectado de un c\u00e1ncer en el est\u00f3mago.<\/p>\n<p>El director deportivo fue operado en un par de ocasiones y estaba siendo sometido a sesiones de quimioterapia para combatir la enfermedad.<\/p>\n<p>Al frente de la FEDOBE estuvo por casi tres d\u00e9cadas, desde que asumi\u00f3 en 1993. Pereyra fue uno de los dirigentes deportivos latinoamericanos que m\u00e1s luch\u00f3 para que se permitiera incluir a jugadores profesionales en los eventos internacionales de b\u00e9isbol.<\/p>\n<p>Su mayor conquista fue en el 2013, cuando fue una figura importante en la organizaci\u00f3n del equipo de la Rep\u00fablica Dominicana que se coron\u00f3 como campe\u00f3n invicto del Cl\u00e1sico Mundial 2013.<\/p>\n<p>La directiva de los Leones se une al profundo pesar de familiares y amigos de Pereyra, deseando que Dios les consuele en este dif\u00edcil momento ante la p\u00e9rdida de una persona que hizo grandes aportes al b\u00e9isbol.<\/p>\n<p>&nbsp;<\/p>\n<p>&nbsp;<\/p>\n","protected":false},"excerpt":{"rendered":"<p>SANTO DOMINGO.- La Liga de B\u00e9isbol Profesional de Rep\u00fablica Dominicana (Lidom) mostr\u00f3 su pesar por la muerte de H\u00e9ctor (Tito) Pereyra, presidente de la Federaci\u00f3n Dominicana de B\u00e9isbol (Fedobe). A trav\u00e9s de un documento de prensa, Vitelio Mej\u00eda Ortiz, presidente de Lidom, expres\u00f3 su profunda pena por el fallecimiento del dirigente federado y envi\u00f3 un [&hellip;]<\/p>\n","protected":false},"author":9,"featured_media":54176,"comment_status":"closed","ping_status":"closed","sticky":false,"template":"","format":"standard","meta":[],"categories":[2,60],"tags":[],"acf":[],"_links":{"self":[{"href":"https:\/\/colimdo.org\/wp-api\/wp\/v2\/posts\/54175"}],"collection":[{"href":"https:\/\/colimdo.org\/wp-api\/wp\/v2\/posts"}],"about":[{"href":"https:\/\/colimdo.org\/wp-api\/wp\/v2\/types\/post"}],"author":[{"embeddable":true,"href":"https:\/\/colimdo.org\/wp-api\/wp\/v2\/users\/9"}],"replies":[{"embeddable":true,"href":"https:\/\/colimdo.org\/wp-api\/wp\/v2\/comments?post=54175"}],"version-history":[{"count":1,"href":"https:\/\/colimdo.org\/wp-api\/wp\/v2\/posts\/54175\/revisions"}],"predecessor-version":[{"id":54177,"href":"https:\/\/colimdo.org\/wp-api\/wp\/v2\/posts\/54175\/revisions\/54177"}],"wp:featuredmedia":[{"embeddable":true,"href":"https:\/\/colimdo.org\/wp-api\/wp\/v2\/media\/54176"}],"wp:attachment":[{"href":"https:\/\/colimdo.org\/wp-api\/wp\/v2\/media?parent=54175"}],"wp:term":[{"taxonomy":"category","embeddable":true,"href":"https:\/\/colimdo.org\/wp-api\/wp\/v2\/categories?post=54175"},{"taxonomy":"post_tag","embeddable":true,"href":"https:\/\/colimdo.org\/wp-api\/wp\/v2\/tags?post=54175"}],"curies":[{"name":"wp","href":"https:\/\/api.w.org\/{rel}","templated":true}]}}