{"id":54186,"date":"2019-05-24T17:55:11","date_gmt":"2019-05-24T17:55:11","guid":{"rendered":"https:\/\/colimdo.org\/?p=54186"},"modified":"2019-05-24T17:55:11","modified_gmt":"2019-05-24T17:55:11","slug":"copa-laver-recibe-estatus-oficial-la-atp","status":"publish","type":"post","link":"https:\/\/colimdo.org\/noticias\/copa-laver-recibe-estatus-oficial-la-atp\/","title":{"rendered":"Copa Laver recibe estatus oficial de la ATP"},"content":{"rendered":"<p>LONDRES (AP) \u2014 La Copa Laver tendr\u00e1 estatus oficial por parte de la gira profesional de tenis masculino.<\/p>\n<p>La ATP anunci\u00f3 el viernes que lleg\u00f3 a un acuerdo para que el torneo tenga car\u00e1cter de oficial en su calendario anual, aunque no se adjudicar\u00e1n puntos a los participantes.<\/p>\n<p>Roger Federer y sus representantes fueron los gestores de la Copa Laver, rumbo a su tercer a\u00f1o, y que enfrenta a un equipo de Europa contra jugadores del resto del mundo en un formato similar a la Copa Ryder de golf.<\/p>\n<p>\u201cEs maravilloso saber que la Copa Laver ser\u00e1 parte de la gira a la que le dedicado m\u00e1s de 20 a\u00f1os de mi vida\u201d, dijo Federer. \u201cEsta sociedad es un maravilloso ejemplo de c\u00f3mo la familia del tenis puede unirse para promover y hacer crecer el deporte que todos queremos\u201d.<\/p>\n<p>Como parte del acuerdo, la ATP aportar\u00e1 respaldo adicional para el mercadeo y promoci\u00f3n, adem\u00e1s de facilitar jueves y fisioterapeutas.<\/p>\n<p>La competici\u00f3n lleva el nombre de Rod Laver, el mito del tenis australiano que est\u00e1 celebrando el aniversario 50 de completar su segundo Grand Slam, al ganar los cuatro grandes torneos en un mismo a\u00f1o.<\/p>\n<p>La Copa Laver de este a\u00f1o se jugar\u00e1 en Ginebra del 20 al 22 de septiembre.<\/p>\n","protected":false},"excerpt":{"rendered":"<p>LONDRES (AP) \u2014 La Copa Laver tendr\u00e1 estatus oficial por parte de la gira profesional de tenis masculino. La ATP anunci\u00f3 el viernes que lleg\u00f3 a un acuerdo para que el torneo tenga car\u00e1cter de oficial en su calendario anual, aunque no se adjudicar\u00e1n puntos a los participantes. Roger Federer y sus representantes fueron los [&hellip;]<\/p>\n","protected":false},"author":9,"featured_media":54187,"comment_status":"closed","ping_status":"closed","sticky":false,"template":"","format":"standard","meta":[],"categories":[2,60],"tags":[],"acf":[],"_links":{"self":[{"href":"https:\/\/colimdo.org\/wp-api\/wp\/v2\/posts\/54186"}],"collection":[{"href":"https:\/\/colimdo.org\/wp-api\/wp\/v2\/posts"}],"about":[{"href":"https:\/\/colimdo.org\/wp-api\/wp\/v2\/types\/post"}],"author":[{"embeddable":true,"href":"https:\/\/colimdo.org\/wp-api\/wp\/v2\/users\/9"}],"replies":[{"embeddable":true,"href":"https:\/\/colimdo.org\/wp-api\/wp\/v2\/comments?post=54186"}],"version-history":[{"count":1,"href":"https:\/\/colimdo.org\/wp-api\/wp\/v2\/posts\/54186\/revisions"}],"predecessor-version":[{"id":54188,"href":"https:\/\/colimdo.org\/wp-api\/wp\/v2\/posts\/54186\/revisions\/54188"}],"wp:featuredmedia":[{"embeddable":true,"href":"https:\/\/colimdo.org\/wp-api\/wp\/v2\/media\/54187"}],"wp:attachment":[{"href":"https:\/\/colimdo.org\/wp-api\/wp\/v2\/media?parent=54186"}],"wp:term":[{"taxonomy":"category","embeddable":true,"href":"https:\/\/colimdo.org\/wp-api\/wp\/v2\/categories?post=54186"},{"taxonomy":"post_tag","embeddable":true,"href":"https:\/\/colimdo.org\/wp-api\/wp\/v2\/tags?post=54186"}],"curies":[{"name":"wp","href":"https:\/\/api.w.org\/{rel}","templated":true}]}}