{"id":54192,"date":"2019-05-24T18:00:58","date_gmt":"2019-05-24T18:00:58","guid":{"rendered":"https:\/\/colimdo.org\/?p=54192"},"modified":"2019-05-24T18:22:07","modified_gmt":"2019-05-24T18:22:07","slug":"zakarin-se-lleva-la-primera-etapa-montana-del-giro-italia","status":"publish","type":"post","link":"https:\/\/colimdo.org\/noticias\/zakarin-se-lleva-la-primera-etapa-montana-del-giro-italia\/","title":{"rendered":"Zakarin se lleva la primera etapa en monta\u00f1a del Giro de Italia"},"content":{"rendered":"<p>LAGO SERR\u00da, Italia (AP) \u2014 El ruso Ilnur Zakarin se alz\u00f3 con la victoria en la 13ra etapa del Giro de Italia tras protagonizar una fuga en solitario en el primer final de monta\u00f1a. El due\u00f1o de la casaca rosada no cambi\u00f3: el esloveno Jan Polanc sigue al frente de la clasificaci\u00f3n general.<\/p>\n<p>Zakarin, del equipo equipo Katusha Alpecin, emple\u00f3 m\u00e1s de 5 horas y media para completar el trayecto de 196 kil\u00f3metros (122 millas) con salida en Pinerolo y meta en el Lago Serr\u00fa cerca de Tur\u00edn.<\/p>\n<p>Fue la tercera victoria de etapa en una gran vuelta para Zakarin, luego de triunfos en el Giro de 2016 y el Tour de Francia de 2016.<\/p>\n<p>El tramo incluy\u00f3 tres ascensos exigentes, incluyendo la dura escalada al Lago Serr\u00fa en medio de dep\u00f3sitos de nieve en medio de la ruta.<\/p>\n<p>Zakarin form\u00f3 parte de una fuga al inicio de la etapa y luego se distanci\u00f3 del espa\u00f1ol Mikel Nieve en los \u00faltimos kil\u00f3metros. Nieve acab\u00f3 segundo, retrasado por 35 segundos. El tambi\u00e9n espa\u00f1ol Mikel Landa lleg\u00f3 tercero, a 1:20.<\/p>\n<p>El esloveno Primoz Roglic y el italiano Vincenzo Nibali, favoritos al t\u00edtulo del Giro, entraron juntos al quedar s\u00e9ptimo y octavo, respectivamente, a casi de 3 minutos de Zakarin.<\/p>\n<p>Roglic y Nibali llegaron muy por delante de Polanc, quien se apoder\u00f3 del liderato general el jueves.<\/p>\n<p>Polanc ahora aventaja a Roglic por 2:25 con Zakarin tercero, a 2:56. El holand\u00e9s Bauke Mollema marcha cuarto y Nibali quinto.<\/p>\n<p>\u201cSab\u00edamos que el \u00faltimo ascenso ser\u00eda brutal\u201d, dijo Zakarin. \u201cNo ten\u00eda una estrategia precisa para el ascenso. Hice lo mejor posible y este es el resultado. La ambici\u00f3n es quedar entre los primeros cinco y ahora es posible\u201d.<\/p>\n<p>Tras quedar cuarto en la etapa, el ecuatoriano Richard Carapaz (Movistar) figura sexto en la general, a 4:22.<\/p>\n<p>El colombiano Miguel \u00c1ngel L\u00f3pez (Astana) sufri\u00f3 un problema mec\u00e1nico con la cadena de su bicicleta y est\u00e1 d\u00e9cimo, a 7:48.<\/p>\n<p>Landa (Movistar), quien ha recortado diferencias con los otros favoritos, se instal\u00f3 octavo.<\/p>\n<p>\u201cContinuaremos atacando hasta que las piernas aguanten, que ojal\u00e1 sea hasta Verona\u201d, dijo Landa, aludiendo al punto final de la ronda italiana. \u201cEs pronto para hablar a\u00fan sobre un posible resultado. El Giro cambia f\u00e1cilmente de un d\u00eda para otro y debemos seguir yendo d\u00eda a d\u00eda\u201d.<\/p>\n<p>La 14ta etapa el s\u00e1bado ser\u00e1 otra ardua prueba en lo alto. Incluir\u00e1 cinco puertos de monta\u00f1a entre las localidades de Saint-Vicent y Courmayeur, cubriendo 131 kil\u00f3metros, cerca de la frontera con Francia.<\/p>\n<p>El Giro de tres semanas culminar\u00e1 en Verona el 2 de junio.<\/p>\n","protected":false},"excerpt":{"rendered":"<p>LAGO SERR\u00da, Italia (AP) \u2014 El ruso Ilnur Zakarin se alz\u00f3 con la victoria en la 13ra etapa del Giro de Italia tras protagonizar una fuga en solitario en el primer final de monta\u00f1a. El due\u00f1o de la casaca rosada no cambi\u00f3: el esloveno Jan Polanc sigue al frente de la clasificaci\u00f3n general. Zakarin, del [&hellip;]<\/p>\n","protected":false},"author":9,"featured_media":54193,"comment_status":"closed","ping_status":"closed","sticky":false,"template":"","format":"standard","meta":[],"categories":[2,60],"tags":[],"acf":[],"_links":{"self":[{"href":"https:\/\/colimdo.org\/wp-api\/wp\/v2\/posts\/54192"}],"collection":[{"href":"https:\/\/colimdo.org\/wp-api\/wp\/v2\/posts"}],"about":[{"href":"https:\/\/colimdo.org\/wp-api\/wp\/v2\/types\/post"}],"author":[{"embeddable":true,"href":"https:\/\/colimdo.org\/wp-api\/wp\/v2\/users\/9"}],"replies":[{"embeddable":true,"href":"https:\/\/colimdo.org\/wp-api\/wp\/v2\/comments?post=54192"}],"version-history":[{"count":1,"href":"https:\/\/colimdo.org\/wp-api\/wp\/v2\/posts\/54192\/revisions"}],"predecessor-version":[{"id":54194,"href":"https:\/\/colimdo.org\/wp-api\/wp\/v2\/posts\/54192\/revisions\/54194"}],"wp:featuredmedia":[{"embeddable":true,"href":"https:\/\/colimdo.org\/wp-api\/wp\/v2\/media\/54193"}],"wp:attachment":[{"href":"https:\/\/colimdo.org\/wp-api\/wp\/v2\/media?parent=54192"}],"wp:term":[{"taxonomy":"category","embeddable":true,"href":"https:\/\/colimdo.org\/wp-api\/wp\/v2\/categories?post=54192"},{"taxonomy":"post_tag","embeddable":true,"href":"https:\/\/colimdo.org\/wp-api\/wp\/v2\/tags?post=54192"}],"curies":[{"name":"wp","href":"https:\/\/api.w.org\/{rel}","templated":true}]}}