{"id":54235,"date":"2019-05-25T03:15:00","date_gmt":"2019-05-25T03:15:00","guid":{"rendered":"https:\/\/colimdo.org\/?p=54235"},"modified":"2019-05-25T03:15:00","modified_gmt":"2019-05-25T03:15:00","slug":"canasto-las-madres-promueve-deporte-jovenes-conflicto-la-ley","status":"publish","type":"post","link":"https:\/\/colimdo.org\/noticias\/canasto-las-madres-promueve-deporte-jovenes-conflicto-la-ley\/","title":{"rendered":"\u201cCanasto a las Madres\u201d, promueve el deporte entre j\u00f3venes en conflicto con la Ley"},"content":{"rendered":"<p>SANTO DOMINGO.-\u00a0La Vicepresidencia de la Rep\u00fablica, a trav\u00e9s del programa Progresando con Solidaridad (Prosoli) y el proyecto Vuelvo a Empezar, junto a la Procuradur\u00eda General de la Rep\u00fablica, buscan promover el deporte, la recreaci\u00f3n y reinserci\u00f3n de j\u00f3venes en conflicto con la Ley Penal a nivel nacional, por lo cual realizaron un intercambio deportivo con motivo a la celebraci\u00f3n del D\u00eda de las Madres.<\/p>\n<p>La justa deportiva denominada \u201cCanasto a las Madres\u201d fue celebrada en las instalaciones del Club Deportivo y Cultural San L\u00e1zaro, donde participaron j\u00f3venes privados de libertad de los recintos La Vega, San Crist\u00f3bal, Manoguayabo y Cristo Rey.<\/p>\n<p>Durante el torneo, la subdirectora de Prosoli, Claudina Valdez, dijo a los j\u00f3venes que la vicepresidenta Margarita Cede\u00f1o continuar\u00e1 extendiendo la mano amiga a trav\u00e9s del proyecto \u201cVuelvo a empezar\u201d, para que puedan reinsertarse a la sociedad.<\/p>\n<p>\u201cRecuerden j\u00f3venes que ustedes no son el futuro, ustedes son el presente, el ahora, ustedes son, como dice la Vicepresidenta, la fuerza que dinamiza el motor del pa\u00eds. En ustedes nosotros tenemos mucha esperanza, y por eso estamos muy felices\u201d, puntualiz\u00f3.<\/p>\n<p>En tanto que la directora de la Direcci\u00f3n Nacional de Atenci\u00f3n a la Persona Adolescente en Conflicto con la Ley Penal, Carolina Ram\u00edrez, sostuvo que \u201cCanasto a las madres\u201d es una oportunidad que se les brinda a los j\u00f3venes como parte de las acciones dirigidas a garantizar su bienestar y crear condiciones para su reinserci\u00f3n de manera efectiva a la sociedad.<\/p>\n<p>Las palabras motivaciones estuvieron a cargo del ciclista V\u00edctor de la Cruz, quien les manifest\u00f3 a los participantes que a trav\u00e9s del deporte pueden lograr sus sue\u00f1os. Mientras que el reverendo padre, Gilberto Morales, tuvo a su cargo la invocaci\u00f3n religiosa de la actividad.<\/p>\n<p>Tambi\u00e9n asistieron los directores de Centro Integral para Adolescentes en Conflictos con la Ley Penal (Caipacl) de San Crist\u00f3bal, La Vega, Ciudad del Ni\u00f1o y Cristo Rey. Adem\u00e1s, la encargada del proyecto Vuelvo a Empezar, Yajaira Molina; el encargado de seguridad de la Direcci\u00f3n Nacional de Atenci\u00f3n Integral de la Persona Adolescente en Conflicto la Ley Penal, Rafael Cuevas; y el juez de control de la ejecuci\u00f3n de las sanciones de NNA de la provincia de Santo Domingo, magistrado Julio C\u00e9sar Lora Ferreira, entre otros.<\/p>\n<p>El primer lugar lo obtuvo el equipo del recinto de Manoguayabo, Ciudad del ni\u00f1o; el segundo, fue para el equipo de San Crist\u00f3bal; y el tercero La Vega.<\/p>\n","protected":false},"excerpt":{"rendered":"<p>La justa deportiva denominada \u201cCanasto a las Madres\u201d fue celebrada en las instalaciones del Club Deportivo y Cultural San L\u00e1zaro, donde participaron j\u00f3venes privados de libertad de los recintos La Vega, San Crist\u00f3bal, Manoguayabo y Cristo Rey.<\/p>\n","protected":false},"author":16,"featured_media":54236,"comment_status":"closed","ping_status":"closed","sticky":false,"template":"","format":"standard","meta":[],"categories":[2,60],"tags":[],"acf":[],"_links":{"self":[{"href":"https:\/\/colimdo.org\/wp-api\/wp\/v2\/posts\/54235"}],"collection":[{"href":"https:\/\/colimdo.org\/wp-api\/wp\/v2\/posts"}],"about":[{"href":"https:\/\/colimdo.org\/wp-api\/wp\/v2\/types\/post"}],"author":[{"embeddable":true,"href":"https:\/\/colimdo.org\/wp-api\/wp\/v2\/users\/16"}],"replies":[{"embeddable":true,"href":"https:\/\/colimdo.org\/wp-api\/wp\/v2\/comments?post=54235"}],"version-history":[{"count":1,"href":"https:\/\/colimdo.org\/wp-api\/wp\/v2\/posts\/54235\/revisions"}],"predecessor-version":[{"id":54237,"href":"https:\/\/colimdo.org\/wp-api\/wp\/v2\/posts\/54235\/revisions\/54237"}],"wp:featuredmedia":[{"embeddable":true,"href":"https:\/\/colimdo.org\/wp-api\/wp\/v2\/media\/54236"}],"wp:attachment":[{"href":"https:\/\/colimdo.org\/wp-api\/wp\/v2\/media?parent=54235"}],"wp:term":[{"taxonomy":"category","embeddable":true,"href":"https:\/\/colimdo.org\/wp-api\/wp\/v2\/categories?post=54235"},{"taxonomy":"post_tag","embeddable":true,"href":"https:\/\/colimdo.org\/wp-api\/wp\/v2\/tags?post=54235"}],"curies":[{"name":"wp","href":"https:\/\/api.w.org\/{rel}","templated":true}]}}