{"id":54267,"date":"2019-05-26T01:50:00","date_gmt":"2019-05-26T01:50:00","guid":{"rendered":"https:\/\/colimdo.org\/?p=54267"},"modified":"2019-05-26T01:50:00","modified_gmt":"2019-05-26T01:50:00","slug":"ejercito-se-llevo-titulo-boxeo-juegos-militares-la-policia-nacional","status":"publish","type":"post","link":"https:\/\/colimdo.org\/noticias\/ejercito-se-llevo-titulo-boxeo-juegos-militares-la-policia-nacional\/","title":{"rendered":"El Ej\u00e9rcito se llev\u00f3 el t\u00edtulo en boxeo de Juegos Militares y de la Polic\u00eda Nacional"},"content":{"rendered":"<p>El Ej\u00e9rcito de la Rep\u00fablica Dominicana se proclam\u00f3 en las competencias de boxeo correspondientes a la versi\u00f3n 50 de los Juegos Militares Deportivos de las Fuerzas Armadas y la Polic\u00eda Nacional, celebradas en el coliseo Carlo \u2013Teo- Cruz ubicado en el ensanche La Fe.<br \/>\n<span id=\"more-878601\"><\/span><br \/>\nEl Ej\u00e9rcito obtuvo nueve medallas compuestas por tres de oro, cuatro de plata y dos de bronce para un total de 56 puntos en la justa, dedicada al Ministro de Defensa, teniente general Rub\u00e9n Dar\u00edo Paulino Sem, E.R.D.<\/p>\n<p>Los responsables de darle la presea dorada a la instituci\u00f3n fueron Mario Lavergal, en los 49 kilogramos; Rodrigo Marte de la Rosa (56 kg.) y Rhan Polanco (69 kg.).<\/p>\n<p>Las preseas de plata la aportaron Alexis de la Cruz en los 56 kilogramos; Francisco An\u00edbal Cleto (81 kg.), Jackson Pedro Montero (91 kg.) y Robert Santana Lara (+91 kg.). En tanto, que los dos bronces fueron de Yancarlos P\u00e9rez (60 kg.) y \u00c1ngel Adonis Cruz (75 kg.).<\/p>\n<p>Lavergal venci\u00f3 a Jos\u00e9 Luis Rodr\u00edguez, de la Armada de la Rep\u00fablica Dominicana; Marte de la Rosa a Wilmer Mart\u00ednez, de la Polic\u00eda Nacional, y Polanco a Enmanuel Burgos, de la Fuerza A\u00e9rea de la Rep\u00fablica Dominicana.<\/p>\n<p>El segundo lugar correspondi\u00f3 a la Polic\u00eda Nacional, quien contabiliz\u00f3 56 puntos producto de siete medallas (cuatro oro, dos plata y un bronce.<\/p>\n<p>Previo al inicio de las competencias de boxeo de los Juegos Militares, el presidente advitam de la Federaci\u00f3n Dominicana de Boxeo (Fedoboxa), Bienvenido Solano, tuvo a su cargo el campanaso de honor.<\/p>\n<p><strong>Combates de taekwondo arrancan ma\u00f1ana<\/strong><\/p>\n<p>Concluidas las competencias de boxeo, el turno corresponde a taekwondo, cuyas jornadas arrancan ma\u00f1ana en el pabell\u00f3n de combate del Centro Ol\u00edmpico Juan Pablo Duarte (COJPD) a partir de las nueve de la ma\u00f1ana. Para el martes, el calendario de actividades de los Juegos Militares contin\u00faa con ciclismo de pista, cuyo escenario ser\u00e1 el vel\u00f3dromo del COJPD a las 9:00 a.m.<\/p>\n","protected":false},"excerpt":{"rendered":"<p>El Ej\u00e9rcito obtuvo nueve medallas compuestas por tres de oro, cuatro de plata y dos de bronce para un total de 56 puntos en la justa, dedicada al Ministro de Defensa, teniente general Rub\u00e9n Dar\u00edo Paulino Sem, E.R.D.<\/p>\n","protected":false},"author":16,"featured_media":54268,"comment_status":"closed","ping_status":"closed","sticky":false,"template":"","format":"standard","meta":[],"categories":[2,60],"tags":[],"acf":[],"_links":{"self":[{"href":"https:\/\/colimdo.org\/wp-api\/wp\/v2\/posts\/54267"}],"collection":[{"href":"https:\/\/colimdo.org\/wp-api\/wp\/v2\/posts"}],"about":[{"href":"https:\/\/colimdo.org\/wp-api\/wp\/v2\/types\/post"}],"author":[{"embeddable":true,"href":"https:\/\/colimdo.org\/wp-api\/wp\/v2\/users\/16"}],"replies":[{"embeddable":true,"href":"https:\/\/colimdo.org\/wp-api\/wp\/v2\/comments?post=54267"}],"version-history":[{"count":1,"href":"https:\/\/colimdo.org\/wp-api\/wp\/v2\/posts\/54267\/revisions"}],"predecessor-version":[{"id":54269,"href":"https:\/\/colimdo.org\/wp-api\/wp\/v2\/posts\/54267\/revisions\/54269"}],"wp:featuredmedia":[{"embeddable":true,"href":"https:\/\/colimdo.org\/wp-api\/wp\/v2\/media\/54268"}],"wp:attachment":[{"href":"https:\/\/colimdo.org\/wp-api\/wp\/v2\/media?parent=54267"}],"wp:term":[{"taxonomy":"category","embeddable":true,"href":"https:\/\/colimdo.org\/wp-api\/wp\/v2\/categories?post=54267"},{"taxonomy":"post_tag","embeddable":true,"href":"https:\/\/colimdo.org\/wp-api\/wp\/v2\/tags?post=54267"}],"curies":[{"name":"wp","href":"https:\/\/api.w.org\/{rel}","templated":true}]}}