{"id":54299,"date":"2019-05-26T18:32:14","date_gmt":"2019-05-26T18:32:14","guid":{"rendered":"https:\/\/colimdo.org\/?p=54299"},"modified":"2019-05-26T18:32:17","modified_gmt":"2019-05-26T18:32:17","slug":"sepultan-santiago-los-restos-hecor-tito-pereyra","status":"publish","type":"post","link":"https:\/\/colimdo.org\/noticias\/sepultan-santiago-los-restos-hecor-tito-pereyra\/","title":{"rendered":"Sepultan en Santiago los restos de H\u00e9cor -Tito- Pereyra"},"content":{"rendered":"<p>DIARIO LIBRE. Fueron sepultados pr\u00f3ximo al mediod\u00eda de este domingo en el cementerio de El Ingenio, al oeste de Santiago, los restos del presidente de la Confederaci\u00f3n Panamericana de B\u00e9isbol (COPABE) y la Federaci\u00f3n Dominicana de ese deporte (FEDOBE), H\u00e9ctor -Tito- Pereyra.<\/p>\n<p>Los restos de Pereyra fueron velados en Funeraria Blandino, de la avenida 27 de Febrero esquina 6 de Septiembre de aqu\u00ed, donde acudieron decenas de personas de distintas esferas sociales, econ\u00f3micas y del deporte a darle el p\u00e9same a la familia.<\/p>\n<p>Luis\u00edn Mej\u00eda, presidente del Comit\u00e9 Ol\u00edmpico Dominicano (COD), destac\u00f3 los aportes que \u00e9ste le hizo al b\u00e9isbol como propulsor de ese deporte.<\/p>\n<p>\u201cTito siempre tuvo un inter\u00e9s en hacer las cosas bien, dar la cara y hacerlo con gallard\u00eda, hasta el punto que pudo escalar a posiciones internacionales\u201d, expres\u00f3 Mej\u00eda.<\/p>\n<p>Mientras que el ministro de Deportes, Danilo D\u00edaz, lament\u00f3 la partida a destiempo de Pereyra.<\/p>\n<p>Otros lo definieron como un hombre conciliador y luchador que siempre estuvo del lado de los mejores intereses del deporte rey de la Rep\u00fablica Dominicana.<\/p>\n<p>\u201cNosotros, los que trabajamos b\u00e9isbol, nos sentimos sumamente entristecidos con su muerte. \u00c9l siempre fue una persona conciliadora cuando se presentaban problemas en las asociaciones de b\u00e9isbol de las diferentes provincias del pa\u00eds\u201d, coment\u00f3 el entrenador de b\u00e9isbol Luisito Mercedes.<\/p>\n<p>Juan N\u00fa\u00f1ez, hablando en representaci\u00f3n de la familia del fallecido, agradeci\u00f3 las muestras que cari\u00f1o y solidaridad que recibieron durante la enfermedad y muerte del presidente de la Confederaci\u00f3n Panamericana de B\u00e9isbol y la Federaci\u00f3n Dominicana de ese deporte.<\/p>\n<p>Su deceso se produjo en su hogar el pasado jueves en la noche, donde estaba recluido en los \u00faltimos meses debido a que estaba afectado de una enfermedad cancerosa en el est\u00f3mago.<\/p>\n<p>A Tito Pereyra les sobreviven su viuda, Vivian N\u00fa\u00f1ez, y sus ocho hijos, ellos son Paola, H\u00e9ctor Manuel, Pamela, Paula, Sohara, Michael, Camila y Ariel.<\/p>\n<p>Adem\u00e1s de dirigente de b\u00e9isbol, Tito Pereyra ocup\u00f3 varias posiciones ejecutivas en diversas instituciones p\u00fablicas y privadas del pa\u00eds.<\/p>\n","protected":false},"excerpt":{"rendered":"<p>Los restos de Pereyra fueron velados en Funeraria Blandino, de la avenida 27 de Febrero esquina 6 de Septiembre de aqu\u00ed, donde acudieron decenas de personas de distintas esferas sociales, econ\u00f3micas y del deporte a darle el p\u00e9same a la familia.<\/p>\n","protected":false},"author":16,"featured_media":54300,"comment_status":"closed","ping_status":"closed","sticky":false,"template":"","format":"standard","meta":[],"categories":[2,60],"tags":[],"acf":[],"_links":{"self":[{"href":"https:\/\/colimdo.org\/wp-api\/wp\/v2\/posts\/54299"}],"collection":[{"href":"https:\/\/colimdo.org\/wp-api\/wp\/v2\/posts"}],"about":[{"href":"https:\/\/colimdo.org\/wp-api\/wp\/v2\/types\/post"}],"author":[{"embeddable":true,"href":"https:\/\/colimdo.org\/wp-api\/wp\/v2\/users\/16"}],"replies":[{"embeddable":true,"href":"https:\/\/colimdo.org\/wp-api\/wp\/v2\/comments?post=54299"}],"version-history":[{"count":1,"href":"https:\/\/colimdo.org\/wp-api\/wp\/v2\/posts\/54299\/revisions"}],"predecessor-version":[{"id":54301,"href":"https:\/\/colimdo.org\/wp-api\/wp\/v2\/posts\/54299\/revisions\/54301"}],"wp:featuredmedia":[{"embeddable":true,"href":"https:\/\/colimdo.org\/wp-api\/wp\/v2\/media\/54300"}],"wp:attachment":[{"href":"https:\/\/colimdo.org\/wp-api\/wp\/v2\/media?parent=54299"}],"wp:term":[{"taxonomy":"category","embeddable":true,"href":"https:\/\/colimdo.org\/wp-api\/wp\/v2\/categories?post=54299"},{"taxonomy":"post_tag","embeddable":true,"href":"https:\/\/colimdo.org\/wp-api\/wp\/v2\/tags?post=54299"}],"curies":[{"name":"wp","href":"https:\/\/api.w.org\/{rel}","templated":true}]}}