{"id":54326,"date":"2019-05-27T00:47:11","date_gmt":"2019-05-27T00:47:11","guid":{"rendered":"https:\/\/colimdo.org\/?p=54326"},"modified":"2019-05-27T00:47:11","modified_gmt":"2019-05-27T00:47:11","slug":"coco-budeisky-encabezara-este-lunes-reunion-ver-crisis-hockey","status":"publish","type":"post","link":"https:\/\/colimdo.org\/noticias\/coco-budeisky-encabezara-este-lunes-reunion-ver-crisis-hockey\/","title":{"rendered":"Coco Budeisky encabezar\u00e1 este lunes reuni\u00f3n para ver crisis de hockey"},"content":{"rendered":"<p class=\"x_ydp3ad02e3fx_ydp8ef8babcMsoNormal\">SANTO DOMINGO.- El Comit\u00e9 Ol\u00edmpico Dominicano (COD) ha convocado para las 9:00 de la ma\u00f1ana de este lunes, 27 de mayo, una asamblea de extraordinaria de asociaciones de la Federaci\u00f3n Dominicana de Hockey para conocer la situaci\u00f3n que afecta esa entidad.<\/p>\n<p class=\"x_ydp3ad02e3fx_ydp8ef8babcMsoNormal\">La asamblea se llevar\u00e1 a cabo en el sal\u00f3n Juan Ulises Garc\u00eda Saleta del COD y a la misma asistir\u00e1n las partes en conflicto.<\/p>\n<p class=\"x_ydp3ad02e3fx_ydp8ef8babcMsoNormal\">En ese encuentro estar\u00e1 el se\u00f1or Alberto Coco Budeisky, presidente de la Confederaci\u00f3n Panamericana de Hockey, designado por la Federaci\u00f3n Internacional de ese deporte, as\u00ed como An\u00edbal Portorreal, vice Ministro de Deportes y quien representar\u00e1 ese organismo.<\/p>\n<p class=\"x_ydp3ad02e3fx_ydp8ef8babcMsoNormal\">Tambi\u00e9n el licenciado Luis Mej\u00eda Oviedo, presidente del COD, quien estar\u00e1 acompa\u00f1ado por el Comit\u00e9 Ejecutivo de esa instituci\u00f3n.<\/p>\n<p class=\"x_ydp3ad02e3fx_ydp8ef8babcMsoNormal\">Una nota de la Oficina de Prensa del COD indica que se han invitados todas las partes involucrada en el conflicto que afecta la Federaci\u00f3n Dominicana de Hockey y se espera tomar cuantas decisiones sean necesarias para superar la crisis.<\/p>\n<p class=\"x_ydp3ad02e3fx_ydp8ef8babcMsoNormal\">La asamblea ser\u00e1 abierta y podr\u00e1n estar presentes periodistas.<\/p>\n<div>La nota indica que el se\u00f1or Budeisky se encuentra en el pa\u00eds para participar de la asamblea.<\/div>\n","protected":false},"excerpt":{"rendered":"<p>La asamblea se llevar\u00e1 a cabo en el sal\u00f3n Juan Ulises Garc\u00eda Saleta del COD y a la misma asistir\u00e1n las partes en conflicto.<\/p>\n","protected":false},"author":16,"featured_media":54327,"comment_status":"closed","ping_status":"closed","sticky":false,"template":"","format":"standard","meta":[],"categories":[2,60],"tags":[],"acf":[],"_links":{"self":[{"href":"https:\/\/colimdo.org\/wp-api\/wp\/v2\/posts\/54326"}],"collection":[{"href":"https:\/\/colimdo.org\/wp-api\/wp\/v2\/posts"}],"about":[{"href":"https:\/\/colimdo.org\/wp-api\/wp\/v2\/types\/post"}],"author":[{"embeddable":true,"href":"https:\/\/colimdo.org\/wp-api\/wp\/v2\/users\/16"}],"replies":[{"embeddable":true,"href":"https:\/\/colimdo.org\/wp-api\/wp\/v2\/comments?post=54326"}],"version-history":[{"count":1,"href":"https:\/\/colimdo.org\/wp-api\/wp\/v2\/posts\/54326\/revisions"}],"predecessor-version":[{"id":54328,"href":"https:\/\/colimdo.org\/wp-api\/wp\/v2\/posts\/54326\/revisions\/54328"}],"wp:featuredmedia":[{"embeddable":true,"href":"https:\/\/colimdo.org\/wp-api\/wp\/v2\/media\/54327"}],"wp:attachment":[{"href":"https:\/\/colimdo.org\/wp-api\/wp\/v2\/media?parent=54326"}],"wp:term":[{"taxonomy":"category","embeddable":true,"href":"https:\/\/colimdo.org\/wp-api\/wp\/v2\/categories?post=54326"},{"taxonomy":"post_tag","embeddable":true,"href":"https:\/\/colimdo.org\/wp-api\/wp\/v2\/tags?post=54326"}],"curies":[{"name":"wp","href":"https:\/\/api.w.org\/{rel}","templated":true}]}}