{"id":54339,"date":"2019-05-27T17:01:00","date_gmt":"2019-05-27T17:01:00","guid":{"rendered":"https:\/\/colimdo.org\/?p=54339"},"modified":"2019-05-27T17:01:00","modified_gmt":"2019-05-27T17:01:00","slug":"rafael-nadal-camina-sin-sobresaltos-la-segunda-ronda-roland-garros","status":"publish","type":"post","link":"https:\/\/colimdo.org\/noticias\/rafael-nadal-camina-sin-sobresaltos-la-segunda-ronda-roland-garros\/","title":{"rendered":"Rafael Nadal camina sin sobresaltos a la segunda ronda de Roland Garros"},"content":{"rendered":"<p class=\"canvas-atom canvas-text Mb(1.0em) Mb(0)--sm Mt(0.8em)--sm\">Par\u00eds, 27 may (EFE).- El espa\u00f1ol Rafael Nadal emprendi\u00f3 con una victoria pl\u00e1cida el camino hacia el que ser\u00eda su duod\u00e9cimo t\u00edtulo de Roland Garros, al derrotar en primera ronda al alem\u00e1n Yannick Hanfmann, procedente de la fase previa, por 6-2, 6-1 y 6-3 en una hora y 57 minutos.<\/p>\n<p class=\"canvas-atom canvas-text Mb(1.0em) Mb(0)--sm Mt(0.8em)--sm\">La senda de Nadal comenz\u00f3, sin embargo, con dudas. El germano, 184 del mundo con 27 a\u00f1os, sali\u00f3 agresivo, a jugarse el todo por el todo, y en el primer servicio dispuso de cuatro bolas de rotura.<\/p>\n<p class=\"canvas-atom canvas-text Mb(1.0em) Mb(0)--sm Mt(0.8em)--sm\">Duraron lo que tard\u00f3 el espa\u00f1ol, n\u00famero 2 del mundo, en domesticar los pelotazos del alem\u00e1n, que jugaba su segundo partido en un Grand Slam, y lo hac\u00eda en una semivac\u00eda pista central de Par\u00eds.<\/p>\n<p class=\"canvas-atom canvas-text Mb(1.0em) Mb(0)--sm Mt(0.8em)--sm\">Tras conservar su saque, Nadal decidi\u00f3 acabar con la broma y arroll\u00f3 a su rival, sin concesiones, poniendo sobre la pista toda la diferencia que hay entre ambos en el r\u00e1nking.<\/p>\n<p class=\"canvas-atom canvas-text Mb(1.0em) Mb(0)--sm Mt(0.8em)--sm\">&#8220;Siempre es incre\u00edble jugar aqu\u00ed, la nueva pista ha quedado muy bonita. Para m\u00ed es el torneo m\u00e1s importante de mi carrera&#8221;, dijo desde la cancha el tenista, que se reencontr\u00f3 con una remodelada Philippe Chatrier, la centra del Roland Garros, que el a\u00f1o que viene estar\u00e1 equipada de un techo retr\u00e1ctil.<\/p>\n<p class=\"canvas-atom canvas-text Mb(1.0em) Mb(0)--sm Mt(0.8em)--sm\">El espa\u00f1ol confes\u00f3 haber jugado &#8220;un buen partido&#8221; y reiter\u00f3 que sus sensaciones son buenas desde que lleg\u00f3 a Par\u00eds.<\/p>\n<p class=\"canvas-atom canvas-text Mb(1.0em) Mb(0)--sm Mt(0.8em)--sm\">&#8220;Los entrenamientos han ido bien, la semana pasada en Roma hice un buen torneo y eso es importante para la confianza&#8221;, asegur\u00f3.<\/p>\n<p class=\"canvas-atom canvas-text Mb(1.0em) Mb(0)--sm Mt(0.8em)--sm\">En su dilatada carrera en Par\u00eds el mallorqu\u00edn ha conocido inicios tormentosos, dif\u00edciles y otros pl\u00e1cidos. El de 2019 entrar\u00e1 a formar parte de la historia de estos \u00faltimos, algo que se pod\u00eda prever por la entidad del rival.<\/p>\n<p class=\"canvas-atom canvas-text Mb(1.0em) Mb(0)--sm Mt(0.8em)--sm\">Hanfmann es un tenista poco ortodoxo. Naci\u00f3 con una deficiencia auditiva, que todav\u00eda arrastra, por lo que pide a los \u00e1rbitros que eleven el tono a la hora de se\u00f1alar la faltas.<\/p>\n<p class=\"canvas-atom canvas-text Mb(1.0em) Mb(0)--sm Mt(0.8em)--sm\">Tras terminar la secundaria, dud\u00f3 entre seguir con el tenis o lanzarse a una carrera estadounidense. Opt\u00f3 por la segunda opci\u00f3n e ingres\u00f3 en los Trojans de California del Sur, un club universitario, donde consigui\u00f3 dos t\u00edtulos y un diploma de relaciones internacionales.<\/p>\n<p class=\"canvas-atom canvas-text Mb(1.0em) Mb(0)--sm Mt(0.8em)--sm\">Su tenis se apoya sobre el derechazo, que trata de maximizar desde sus 193 cent\u00edmetros de altura.<\/p>\n<p class=\"canvas-atom canvas-text Mb(1.0em) Mb(0)--sm Mt(0.8em)--sm\">Poca arma contra un Nadal que llega en plena forma, tras haber levantado frente al serbio Novak Djokovic, n\u00famero 1 del mundo, el Masters 1.000 de Roma, su \u00fanico t\u00edtulo sobre tierra batida del a\u00f1o, una anomal\u00eda en el espa\u00f1ol que suele dominar esta superficie.<\/p>\n<p class=\"canvas-atom canvas-text Mb(1.0em) Mb(0)--sm Mt(0.8em)--sm\">Nadal parece haber dejado atr\u00e1s el bache an\u00edmico y de juego que sufri\u00f3 tras la lesi\u00f3n que le oblig\u00f3 a retirarse en marzo pasado en semifinales de Indian Wells ante el suizo Roger Federer.<\/p>\n<p class=\"canvas-atom canvas-text Mb(1.0em) Mb(0)--sm Mt(0.8em)--sm\">El espa\u00f1ol ha confesado que le invadieron las dudas y eso se dej\u00f3 notar en su juego. Pero no se vino abajo, reaccion\u00f3 y fue recuperando el tono mental y f\u00edsico.<\/p>\n<p class=\"canvas-atom canvas-text Mb(1.0em) Mb(0)--sm Mt(0.8em)--sm\">Empez\u00f3 flojo en Montecarlo, aceler\u00f3 la recuperaci\u00f3n en Barcelona y acab\u00f3 de afinarla en Madrid, aunque en un nuevo bache perdi\u00f3 en el pen\u00faltimo escal\u00f3n contra el griego Stefanos Tsitsipas. Pesa a que las sensaciones no eran muy buenas, en cada torneo alcanz\u00f3 las semifinales.<\/p>\n<p class=\"canvas-atom canvas-text Mb(1.0em) Mb(0)--sm Mt(0.8em)--sm\">En Roma acab\u00f3 de poner a punto la maquinaria. A las puertas de Roland Garros, el tenis del mallorqu\u00edn brillaba con su habitual solidez. Las dudas acabaron de partir tras la final ganada con brillantez contra Djokovic.<\/p>\n<p class=\"canvas-atom canvas-text Mb(1.0em) Mb(0)--sm Mt(0.8em)--sm\">Nada m\u00e1s aterrizar en Par\u00eds confes\u00f3 que su confianza est\u00e1 restablecida. Por delante tiene una semana para poner a punto su juego y su forma. Como a \u00e9l le gusta, de menos a m\u00e1s, con primeras rondas poco exigentes hasta que lleguen los momentos decisivos, los rivales que cuentan.<\/p>\n<p class=\"canvas-atom canvas-text Mb(1.0em) Mb(0)--sm Mt(0.8em)--sm\">Su siguiente rival ser\u00e1 otro Yannick, en este caso Maden, otro tenista surgido de la fase previa, 115 del mundo a sus 29 a\u00f1os, debutante tambi\u00e9n en el cuadro final de Roland Garros, que venci\u00f3 por 7-6(0), 7-5 y 6-3 al belga Kimmer Coppejans, tambi\u00e9n clasificado.<\/p>\n<p class=\"canvas-atom canvas-text Mb(1.0em) Mb(0)--sm Mt(0.8em)--sm\">Afortunado en el sorteo, Nadal vio hoy como su te\u00f3rico rival por r\u00e1nking en octavos de final, el georgiano Nikoloz Basilashvili, 15 favorito, ca\u00eda en primera ronda ante el argentino Juan Ignacio Londero, que jugaba su primer partido en un Grand Slam.<\/p>\n","protected":false},"excerpt":{"rendered":"<p>La senda de Nadal comenz\u00f3, sin embargo, con dudas. El germano, 184 del mundo con 27 a\u00f1os, sali\u00f3 agresivo, a jugarse el todo por el todo, y en el primer servicio dispuso de cuatro bolas de rotura.<\/p>\n","protected":false},"author":16,"featured_media":54340,"comment_status":"closed","ping_status":"closed","sticky":false,"template":"","format":"standard","meta":[],"categories":[2,60],"tags":[],"acf":[],"_links":{"self":[{"href":"https:\/\/colimdo.org\/wp-api\/wp\/v2\/posts\/54339"}],"collection":[{"href":"https:\/\/colimdo.org\/wp-api\/wp\/v2\/posts"}],"about":[{"href":"https:\/\/colimdo.org\/wp-api\/wp\/v2\/types\/post"}],"author":[{"embeddable":true,"href":"https:\/\/colimdo.org\/wp-api\/wp\/v2\/users\/16"}],"replies":[{"embeddable":true,"href":"https:\/\/colimdo.org\/wp-api\/wp\/v2\/comments?post=54339"}],"version-history":[{"count":1,"href":"https:\/\/colimdo.org\/wp-api\/wp\/v2\/posts\/54339\/revisions"}],"predecessor-version":[{"id":54341,"href":"https:\/\/colimdo.org\/wp-api\/wp\/v2\/posts\/54339\/revisions\/54341"}],"wp:featuredmedia":[{"embeddable":true,"href":"https:\/\/colimdo.org\/wp-api\/wp\/v2\/media\/54340"}],"wp:attachment":[{"href":"https:\/\/colimdo.org\/wp-api\/wp\/v2\/media?parent=54339"}],"wp:term":[{"taxonomy":"category","embeddable":true,"href":"https:\/\/colimdo.org\/wp-api\/wp\/v2\/categories?post=54339"},{"taxonomy":"post_tag","embeddable":true,"href":"https:\/\/colimdo.org\/wp-api\/wp\/v2\/tags?post=54339"}],"curies":[{"name":"wp","href":"https:\/\/api.w.org\/{rel}","templated":true}]}}