{"id":54353,"date":"2019-05-27T17:58:36","date_gmt":"2019-05-27T17:58:36","guid":{"rendered":"https:\/\/colimdo.org\/?p=54353"},"modified":"2019-05-27T17:58:36","modified_gmt":"2019-05-27T17:58:36","slug":"david-gonzalez-dirigira-seleccion-dominicana-futbol","status":"publish","type":"post","link":"https:\/\/colimdo.org\/noticias\/david-gonzalez-dirigira-seleccion-dominicana-futbol\/","title":{"rendered":"David Gonz\u00e1lez dirigir\u00e1 Selecci\u00f3n Dominicana de F\u00fatbol"},"content":{"rendered":"<p>SANTO DOMINGO. La Comisi\u00f3n Normalizadora de la Federaci\u00f3n Dominicana de F\u00fatbol present\u00f3 este lunes al espa\u00f1ol David Gonz\u00e1lez como director t\u00e9cnico interino de la Selecci\u00f3n Dominicana de la disciplina.<\/p>\n<p>Manuel Luna, presidente de la Comisi\u00f3n Normalizadora, anunci\u00f3 que Gonz\u00e1lez tendr\u00e1 a su cargo las selecciones absoluta y sub-23 y que firm\u00f3 un contrato de 7 meses que concluye el 31 de diciembre, fecha en la cual ya habr\u00e1 sido electo un nuevo comit\u00e9 ejecutivo de Fedofutbol, que deber\u00e1 ratificar o no a Gonzalez al frente de la SEDOFUTBOL.<\/p>\n<p>Gonz\u00e1lez, de 34 a\u00f1os, es el actual director t\u00e9cnico de Atl\u00e9tico San Crist\u00f3bal en la Liga Dominicana de F\u00fatbol y reside en el pa\u00eds desde 2016.<\/p>\n<p>Posee experiencia en el \u00e1rea de formaci\u00f3n futbol\u00edstica en varias academias de Espa\u00f1a y en el pa\u00eds con la academia del Real Madrid.<\/p>\n<p>&#8220;David ha mostrado entera disposici\u00f3n a trabajar en formacion de un proyecto que pueda continuar \u00e9l, si el pr\u00f3ximo comit\u00e9 ejecutivo de Fedof\u00fatbol lo ratifica, o dejar un buen programa de dasarrollo hacia el futuro&#8221;, explic\u00f3 Luna.<\/p>\n<p>Gonz\u00e1lez se mostr\u00f3 complacido con el rol que le ha sido asignado. &#8220;Para m\u00ed es un orgullo poder dirigir a los jugadores dominicanos. El futuro del f\u00fatbol dominicano es latente. Est\u00e1 mejorando mucho el nivel&#8221;, expres\u00f3.<\/p>\n<p>Luna record\u00f3 que el pr\u00f3ximo compromiso de la selecci\u00f3n absoluta ser\u00e1 ante Cuba en la primera semana de junio, cuyos detalles ser\u00e1n anunciados pr\u00f3ximamente.<\/p>\n<p>Gonz\u00e1lez posee una s\u00f3lida formaci\u00f3n futbol\u00edstica que incluye un Master Director Deportivo en la Academia Nacional de Directores de F\u00fatbol (Espa\u00f1a) y varios grados sobre aspectos, t\u00e9cnicos de ese deporte.<\/p>\n<p>Trabaj\u00f3 como entrenador y formador en el Campo de F\u00fatbol del Atlhetic de Bilbao, en la Uni\u00f3n Deportiva Horta y la Uni\u00f3n Deportiva Multivera.<\/p>\n","protected":false},"excerpt":{"rendered":"<p>Manuel Luna, presidente de la Comisi\u00f3n Normalizadora, anunci\u00f3 que Gonz\u00e1lez tendr\u00e1 a su cargo las selecciones absoluta y sub-23 y que firm\u00f3 un contrato de 7 meses que concluye el 31 de diciembre, fecha en la cual ya habr\u00e1 sido electo un nuevo comit\u00e9 ejecutivo de Fedofutbol, que deber\u00e1 ratificar o no a Gonzalez al frente de la SEDOFUTBOL.<\/p>\n","protected":false},"author":16,"featured_media":54354,"comment_status":"closed","ping_status":"closed","sticky":false,"template":"","format":"standard","meta":[],"categories":[2,60],"tags":[],"acf":[],"_links":{"self":[{"href":"https:\/\/colimdo.org\/wp-api\/wp\/v2\/posts\/54353"}],"collection":[{"href":"https:\/\/colimdo.org\/wp-api\/wp\/v2\/posts"}],"about":[{"href":"https:\/\/colimdo.org\/wp-api\/wp\/v2\/types\/post"}],"author":[{"embeddable":true,"href":"https:\/\/colimdo.org\/wp-api\/wp\/v2\/users\/16"}],"replies":[{"embeddable":true,"href":"https:\/\/colimdo.org\/wp-api\/wp\/v2\/comments?post=54353"}],"version-history":[{"count":1,"href":"https:\/\/colimdo.org\/wp-api\/wp\/v2\/posts\/54353\/revisions"}],"predecessor-version":[{"id":54355,"href":"https:\/\/colimdo.org\/wp-api\/wp\/v2\/posts\/54353\/revisions\/54355"}],"wp:featuredmedia":[{"embeddable":true,"href":"https:\/\/colimdo.org\/wp-api\/wp\/v2\/media\/54354"}],"wp:attachment":[{"href":"https:\/\/colimdo.org\/wp-api\/wp\/v2\/media?parent=54353"}],"wp:term":[{"taxonomy":"category","embeddable":true,"href":"https:\/\/colimdo.org\/wp-api\/wp\/v2\/categories?post=54353"},{"taxonomy":"post_tag","embeddable":true,"href":"https:\/\/colimdo.org\/wp-api\/wp\/v2\/tags?post=54353"}],"curies":[{"name":"wp","href":"https:\/\/api.w.org\/{rel}","templated":true}]}}