{"id":54369,"date":"2019-05-27T21:50:04","date_gmt":"2019-05-27T21:50:04","guid":{"rendered":"https:\/\/colimdo.org\/?p=54369"},"modified":"2019-05-27T21:50:04","modified_gmt":"2019-05-27T21:50:04","slug":"florentino-mateo-nova-oro-ultimo-clasificatorio-judo-panam-lima","status":"publish","type":"post","link":"https:\/\/colimdo.org\/noticias\/florentino-mateo-nova-oro-ultimo-clasificatorio-judo-panam-lima\/","title":{"rendered":"Florentino, Mateo y Nova, oro en \u00faltimo clasificatorio judo Panam Lima"},"content":{"rendered":"<p><b><span lang=\"ES-DO\">SANTO DOMINGO.\u00a0<\/span><\/b><span lang=\"ES-DO\">La Rep\u00fablica Dominicana se alz\u00f3 con tres medallas de oro, dos de plata y tres de bronce en el \u00faltimo clasificatorio que reparti\u00f3 puntos para el torneo de judo de los Juegos Panamericanos que se celebrar\u00e1n del 26 de julio al 11 de agosto pr\u00f3ximos.<\/span><\/p>\n<p><span lang=\"ES-DO\">El certamen tuvo lugar durante el fin de semana en la Arena Roberto Clemente, en Ciudad Panam\u00e1, organizado por\u00a0la Federaci\u00f3n Unida de Panam\u00e1 (Feujupa).<\/span><\/p>\n<p><span lang=\"ES-DO\">Tras la conclusi\u00f3n del proceso clasificatorio de judo para la cita multideportiva, la Confederaci\u00f3n\u00a0Panamericano de\u00a0Judo\u00a0(CPJ) informar\u00e1 el pr\u00f3ximo 10 de junio a\u00a0Panam\u00a0Sports y a los comit\u00e9s ol\u00edmpicos nacionales las plazas obtenidas por cada pa\u00eds.<\/span><\/p>\n<p><span lang=\"ES-DO\">Wander Mateo, en menos de 66 kilos, obtuvo el oro al derrota al cubano Osniel Sol\u00ecs, mientras que Robert Florentino se impuso en la final de menos 90 kilos ante Francisco Balanta, de Colombia, y Jos\u00e9 Nova logr\u00f3 el metal dorado de la categor\u00eda m\u00e1s de 100 kilos al doblegar al venezolano Pedro Pineda.<\/span><\/p>\n<p><span lang=\"ES-DO\">Ana Rosa se qued\u00f3 con la medalla de plata en menos 57 kilos al perder en la final ante la cubana Anailys Dorvigny, mientras que Lewis Medina, en menos de 100 kilos, cay\u00f3 en la final ante Lester Cardona, de Cuba.<\/span><\/p>\n<p><span lang=\"ES-DO\">Las medallas de bronce fueron ganadas por Elmert Ram\u00edrez, en menos 60 kilos, quien venci\u00f3 en el repechaje a Mois\u00e9s Rosado, de M\u00e9xico; Estefan\u00eda Soriano, en menos 48 kilos, derrot\u00f3 a Mary Vargas Ley, de Chile, y en menos 81 kilogramos, Medickson del Orbe super\u00f3 a Noel Pe\u00f1a, de Venezuela.<\/span><\/p>\n<p><span lang=\"ES-DO\">Adem\u00e1s de los medallistas, la delegaci\u00f3n de judo logr\u00f3 un quinto lugar con la atleta Dina de Jes\u00fas, en la categor\u00eda menos 52 kilos.<\/span><\/p>\n<p><b><span lang=\"ES-DO\">RD, Segundo lugar general<\/span><\/b><\/p>\n<p><span lang=\"ES-DO\">Con su actuaci\u00f3n, la Rep\u00fablica Dominicana ocup\u00f3 el segundo lugar general, con un total de ocho medallas (tres de oro, dos de plata y tres de bronce), mientras que el primer puesto recay\u00f3 sobre la representaci\u00f3n de Cuba, que se alz\u00f3 con cinco preseas doradas, una de plata, cuatro de bronce y dos quintos lugares.<\/span><\/p>\n<p><span lang=\"ES-DO\">Como entrenadores acompa\u00f1aron a los atletas Manuel Ram\u00edrez, Wilkin Ogando y Domingo Asencio, as\u00ed como el fisioterapeuta Geraldo Feliz, y el delegado Roberto Gerez. La participaci\u00f3n de la representaci\u00f3n quisqueyana en el clasificatorio de judo fue posible al apoyo del Ministerio de Deportes y el Grupo Creando Sue\u00f1os Ol\u00edmpicos (Creso).<\/span><\/p>\n","protected":false},"excerpt":{"rendered":"<p>Con su actuaci\u00f3n, la Rep\u00fablica Dominicana ocup\u00f3 el segundo lugar general, con un total de ocho medallas (tres de oro, dos de plata y tres de bronce), mientras que el primer puesto recay\u00f3 sobre la representaci\u00f3n de Cuba, que se alz\u00f3 con cinco preseas doradas, una de plata, cuatro de bronce y dos quintos lugares.<\/p>\n","protected":false},"author":16,"featured_media":54370,"comment_status":"closed","ping_status":"closed","sticky":false,"template":"","format":"standard","meta":[],"categories":[2,60],"tags":[],"acf":[],"_links":{"self":[{"href":"https:\/\/colimdo.org\/wp-api\/wp\/v2\/posts\/54369"}],"collection":[{"href":"https:\/\/colimdo.org\/wp-api\/wp\/v2\/posts"}],"about":[{"href":"https:\/\/colimdo.org\/wp-api\/wp\/v2\/types\/post"}],"author":[{"embeddable":true,"href":"https:\/\/colimdo.org\/wp-api\/wp\/v2\/users\/16"}],"replies":[{"embeddable":true,"href":"https:\/\/colimdo.org\/wp-api\/wp\/v2\/comments?post=54369"}],"version-history":[{"count":1,"href":"https:\/\/colimdo.org\/wp-api\/wp\/v2\/posts\/54369\/revisions"}],"predecessor-version":[{"id":54371,"href":"https:\/\/colimdo.org\/wp-api\/wp\/v2\/posts\/54369\/revisions\/54371"}],"wp:featuredmedia":[{"embeddable":true,"href":"https:\/\/colimdo.org\/wp-api\/wp\/v2\/media\/54370"}],"wp:attachment":[{"href":"https:\/\/colimdo.org\/wp-api\/wp\/v2\/media?parent=54369"}],"wp:term":[{"taxonomy":"category","embeddable":true,"href":"https:\/\/colimdo.org\/wp-api\/wp\/v2\/categories?post=54369"},{"taxonomy":"post_tag","embeddable":true,"href":"https:\/\/colimdo.org\/wp-api\/wp\/v2\/tags?post=54369"}],"curies":[{"name":"wp","href":"https:\/\/api.w.org\/{rel}","templated":true}]}}