{"id":54392,"date":"2019-05-27T23:59:24","date_gmt":"2019-05-27T23:59:24","guid":{"rendered":"https:\/\/colimdo.org\/?p=54392"},"modified":"2019-05-27T23:59:24","modified_gmt":"2019-05-27T23:59:24","slug":"sede-los-deportes-ecuestres-lima-2019-recibe-elogios","status":"publish","type":"post","link":"https:\/\/colimdo.org\/noticias\/sede-los-deportes-ecuestres-lima-2019-recibe-elogios\/","title":{"rendered":"Sede de los deportes ecuestres de Lima 2019 recibe elogios"},"content":{"rendered":"<p>Un total de siete jinetes peruanos realizaron un reconocimiento de lo que ser\u00e1 la prueba Cross Country o Concurso Completo, una de las disciplinas que se desarrollar\u00e1 en esta sede.<\/p>\n<p>Las autoridades presentes resaltaron el trabajo de la organizaci\u00f3n de Lima 2019, a puertas del inicio de las competencias en la sede de La Molina.<\/p>\n<p>Mario Fuentes. Gerente T\u00e9cnico de la Federaci\u00f3n Ecuestre de Chile, indic\u00f3, al respecto que, \u201cdebo reconocer el excelente trabajo la organizaci\u00f3n y estoy impresionado. Las pistas de arena de s\u00edlice son extraordinarias, al igual que las caballerizas, las veterinarias y las tribunas. Me voy muy contento por el empe\u00f1o y se nota de la capacidad y el cari\u00f1o que le han puesto para que todo salga adelante en Lima 2019\u201d.<\/p>\n<p>Benjam\u00edn Fern\u00e1ndez vino en representaci\u00f3n del dise\u00f1ador de la pista de saltos, el brasile\u00f1o Guillermo Noguiera. Seg\u00fan lo que pudo observar, dijo que \u201clas \u00e1reas ecuestres las veo muy bien y lo que quer\u00edamos probar era la calidad del piso y hemos visto galopar a los caballos sin problemas\u201d, resalt\u00f3.<\/p>\n<p>A diferencia del primer d\u00eda en la que se prob\u00f3 la superficie de s\u00edlice, los jinetes pudieron sortear algunos de los obst\u00e1culos que servir\u00e1n como terreno de la competencia de Concurso Completo, que se llevar\u00e1 a cabo durante los Juegos Panamericanos.<\/p>\n<p>Juan Jos\u00e9 Francia y Diego Farje participaron de las pruebas. Ellos est\u00e1n habilitados por la Federaci\u00f3n de Deportes Ecuestres para participar en Lima 2019 y quedaron tambi\u00e9n satisfechos con las instalaciones.<\/p>\n<p>\u201cHemos podido comprobar que el campo de Cross est\u00e1 super bueno y permite galopar al caballo con mucha naturalidad y eso le brinda confianza porque es una prueba de tres d\u00edas\u201d, indic\u00f3 Francia.<\/p>\n<p>Por su parte, Diego Farje sostuvo que \u201ces muy importante reconocer y probar el terreno, y ayuda bastante para el tema de orientaci\u00f3n porque el Cross tiene un recorrido muy largo\u201d.<\/p>\n<p>Los Deportes Ecuestres se realizar\u00e1n en La Molina en sus 3 modalidades. El Adiestramiento ser\u00e1 del 28 de julio al 31 de Julio; Concurso Completo del 2 al 4 de agosto y finalmente Saltos Ecuestres, se realizar\u00e1 del 6 al 9 de agosto.<\/p>\n","protected":false},"excerpt":{"rendered":"<p>Un total de siete jinetes peruanos realizaron un reconocimiento de lo que ser\u00e1 la prueba Cross Country o Concurso Completo, una de las disciplinas que se desarrollar\u00e1 en esta sede. Las autoridades presentes resaltaron el trabajo de la organizaci\u00f3n de Lima 2019, a puertas del inicio de las competencias en la sede de La Molina. [&hellip;]<\/p>\n","protected":false},"author":9,"featured_media":54393,"comment_status":"closed","ping_status":"closed","sticky":false,"template":"","format":"standard","meta":[],"categories":[2,60],"tags":[],"acf":[],"_links":{"self":[{"href":"https:\/\/colimdo.org\/wp-api\/wp\/v2\/posts\/54392"}],"collection":[{"href":"https:\/\/colimdo.org\/wp-api\/wp\/v2\/posts"}],"about":[{"href":"https:\/\/colimdo.org\/wp-api\/wp\/v2\/types\/post"}],"author":[{"embeddable":true,"href":"https:\/\/colimdo.org\/wp-api\/wp\/v2\/users\/9"}],"replies":[{"embeddable":true,"href":"https:\/\/colimdo.org\/wp-api\/wp\/v2\/comments?post=54392"}],"version-history":[{"count":1,"href":"https:\/\/colimdo.org\/wp-api\/wp\/v2\/posts\/54392\/revisions"}],"predecessor-version":[{"id":54394,"href":"https:\/\/colimdo.org\/wp-api\/wp\/v2\/posts\/54392\/revisions\/54394"}],"wp:featuredmedia":[{"embeddable":true,"href":"https:\/\/colimdo.org\/wp-api\/wp\/v2\/media\/54393"}],"wp:attachment":[{"href":"https:\/\/colimdo.org\/wp-api\/wp\/v2\/media?parent=54392"}],"wp:term":[{"taxonomy":"category","embeddable":true,"href":"https:\/\/colimdo.org\/wp-api\/wp\/v2\/categories?post=54392"},{"taxonomy":"post_tag","embeddable":true,"href":"https:\/\/colimdo.org\/wp-api\/wp\/v2\/tags?post=54392"}],"curies":[{"name":"wp","href":"https:\/\/api.w.org\/{rel}","templated":true}]}}