{"id":54402,"date":"2019-05-28T00:00:48","date_gmt":"2019-05-28T00:00:48","guid":{"rendered":"https:\/\/colimdo.org\/?p=54402"},"modified":"2019-05-28T00:33:59","modified_gmt":"2019-05-28T00:33:59","slug":"argentina-pone-marcha-preparacion-la-copa-america","status":"publish","type":"post","link":"https:\/\/colimdo.org\/noticias\/argentina-pone-marcha-preparacion-la-copa-america\/","title":{"rendered":"Argentina pone en marcha su preparaci\u00f3n para la Copa Am\u00e9rica"},"content":{"rendered":"<p>BUENOS AIRES (AP) \u2014 Con 11 futbolistas, entre ellos el goleador Sergio Ag\u00fcero, Argentina inici\u00f3 el lunes formalmente su preparaci\u00f3n para la Copa Am\u00e9rica de Brasil, en la que buscar\u00e1 cortar una racha de 26 a\u00f1os sin t\u00edtulos.<\/p>\n<p>La pr\u00e1ctica en el predio de selecciones nacionales en el suburbio de Ezeiza tuvo adem\u00e1s de la figura del Manchester City al arquero Agust\u00edn Marches\u00edn; los defensores Renzo Saravia, Nicol\u00e1s Otamendi, Ramiro Funes Mori, Nicol\u00e1s Tagliafico y los mediocampistas Leandro Paredes, Guido Rodr\u00edguez, Giovani Lo Celso, Rodrigo De Paul y Roberto Pereyra.<\/p>\n<p>El capit\u00e1n Lionel Messi se sumar\u00e1 el martes tras unos d\u00edas de descanso para reponerse de la derrota ante Valencia en la final de la Copa del Rey el \u00faltimo s\u00e1bado.<\/p>\n<p>El t\u00e9cnico Lionel Scaloni, escoltado por el director de Selecciones Nacionales, C\u00e9sar Luis Menotti, entrenador campe\u00f3n del mundo con Argentina en 1978, dieron la bienvenida al grupo de avanzada que minutos despu\u00e9s inici\u00f3 la pr\u00e1ctica con ejercicios f\u00edsicos livianos.<\/p>\n<p>Junto a Messi llegar\u00e1n tambi\u00e9n este martes \u00c1ngel Di Mar\u00eda, Marcos Acu\u00f1a, Lautaro Mart\u00ednez, Germ\u00e1n Pezzella y Paulo Dybala. Mat\u00edas Su\u00e1rez, Exequiel Palacios, Franco Armani y Milton Casco, de River Plate, lo har\u00e1n luego de la revancha ante Atl\u00e9tico Paranaense el jueves por la final de la Recopa Sudamericana.<\/p>\n<p>El guardameta de Boca Juniors Esteban Andrada tiene pendiente la final de la Copa de la Superliga el pr\u00f3ximo domingo, mientras el defensor Juan Foyth, del Tottenham ingl\u00e9s, se integrar\u00e1 a los entrenamientos tras la final de la Liga de Campeones ante Liverpool el 1 de junio.<\/p>\n<p>Argentina, que a nivel selecci\u00f3n mayor no gana un t\u00edtulo desde 1993, integra el Grupo B junto a Colombia, Paraguay y Qatar. Debutar\u00e1 contra los colombianos el 15 de junio en Salvador.<\/p>\n","protected":false},"excerpt":{"rendered":"<p>BUENOS AIRES (AP) \u2014 Con 11 futbolistas, entre ellos el goleador Sergio Ag\u00fcero, Argentina inici\u00f3 el lunes formalmente su preparaci\u00f3n para la Copa Am\u00e9rica de Brasil, en la que buscar\u00e1 cortar una racha de 26 a\u00f1os sin t\u00edtulos. La pr\u00e1ctica en el predio de selecciones nacionales en el suburbio de Ezeiza tuvo adem\u00e1s de la [&hellip;]<\/p>\n","protected":false},"author":9,"featured_media":54404,"comment_status":"closed","ping_status":"closed","sticky":false,"template":"","format":"standard","meta":[],"categories":[2,60],"tags":[],"acf":[],"_links":{"self":[{"href":"https:\/\/colimdo.org\/wp-api\/wp\/v2\/posts\/54402"}],"collection":[{"href":"https:\/\/colimdo.org\/wp-api\/wp\/v2\/posts"}],"about":[{"href":"https:\/\/colimdo.org\/wp-api\/wp\/v2\/types\/post"}],"author":[{"embeddable":true,"href":"https:\/\/colimdo.org\/wp-api\/wp\/v2\/users\/9"}],"replies":[{"embeddable":true,"href":"https:\/\/colimdo.org\/wp-api\/wp\/v2\/comments?post=54402"}],"version-history":[{"count":1,"href":"https:\/\/colimdo.org\/wp-api\/wp\/v2\/posts\/54402\/revisions"}],"predecessor-version":[{"id":54405,"href":"https:\/\/colimdo.org\/wp-api\/wp\/v2\/posts\/54402\/revisions\/54405"}],"wp:featuredmedia":[{"embeddable":true,"href":"https:\/\/colimdo.org\/wp-api\/wp\/v2\/media\/54404"}],"wp:attachment":[{"href":"https:\/\/colimdo.org\/wp-api\/wp\/v2\/media?parent=54402"}],"wp:term":[{"taxonomy":"category","embeddable":true,"href":"https:\/\/colimdo.org\/wp-api\/wp\/v2\/categories?post=54402"},{"taxonomy":"post_tag","embeddable":true,"href":"https:\/\/colimdo.org\/wp-api\/wp\/v2\/tags?post=54402"}],"curies":[{"name":"wp","href":"https:\/\/api.w.org\/{rel}","templated":true}]}}