{"id":54408,"date":"2019-05-28T01:20:14","date_gmt":"2019-05-28T01:20:14","guid":{"rendered":"https:\/\/colimdo.org\/?p=54408"},"modified":"2019-05-28T01:20:14","modified_gmt":"2019-05-28T01:20:14","slug":"club-san-carlos-reconoce-rector-la-unev-respaldo-la-juventud","status":"publish","type":"post","link":"https:\/\/colimdo.org\/noticias\/club-san-carlos-reconoce-rector-la-unev-respaldo-la-juventud\/","title":{"rendered":"Club San Carlos reconoce rector de la UNEV por respaldo a la juventud"},"content":{"rendered":"<p><span lang=\"ES-DO\">El Club Deportivo y Cultural San Carlos reconoci\u00f3 al ingeniero\u00a0<\/span><em><b><span lang=\"ES-DO\">Epifanio<\/span><\/b><\/em><span lang=\"ES-DO\">\u00a0Gonz\u00e1lez Minaya,\u00a0<b>rector<\/b>\u00a0de la Universidad Nacional Evang\u00e9lica (<b>UNEV<\/b>), por todos los aportes que realiza desde esa instituci\u00f3n a favor de la juventud sancarle\u00f1a.<\/span><\/p>\n<p>El reconocimiento fue entregado por el presidente del Club San Carlos, arquitecto Johnny Peguero, previo al inicio del partido de pretemporada escenificado entre Mauricio B\u00e1ez y los sancarle\u00f1os, con la intenci\u00f3n de recaudar fondos para el Club Villa Francisca.<\/p>\n<p>Durante los \u00faltimos a\u00f1os, la UNEV ha sido el principal patrocinador del Club San Carlos en cuanto a la participaci\u00f3n en el Torneo de Baloncesto Superior del Distrito Nacional (TBS Distrito), como resultado de un acuerdo interinstitucional.<\/p>\n<p>&#8220;Es para nosotros un inmenso honor entregar este reconocimiento a una persona muy especial para el Club San Carlos y la juventud dominicana. El ingeniero<em><b>\u00a0<span lang=\"ES-DO\">Epifanio<\/span><\/b><\/em><span lang=\"ES-DO\">\u00a0Gonz\u00e1lez Minaya, rector de la UNEV, ha sobrepasado las expectativas y su apoyo ha sido clave para el desarrollo de nuestra instituci\u00f3n&#8221;, dijo Peguero al ponderar las cualidades del rector de la UNEV. Peguero estuvo acompa\u00f1ado por el secretario de Finanzas del Club San Carlos, Luis Acevedo y el presidente del Club Villa Francisca, Rub\u00e9n Montes de Oca.\u00a0<\/span><\/p>\n<p><span lang=\"ES-DO\">Agradece<\/span><\/p>\n<p><span lang=\"ES-DO\">De su lado, Gonz\u00e1lez Minaya agradeci\u00f3 la distinci\u00f3n hecha por el Club San Carlos y dijo que desde la UNEV est\u00e1 comprometido con la juventud sancarle\u00f1a y de todo el pa\u00eds.<\/span><\/p>\n<p><span lang=\"ES-DO\">&#8220;Nos sentimos satisfechos de asistir a eventos de esta naturaleza, ya que en la UNEV brindamos apoyo incondicional a los deportes y en especial a los clubes&#8221;, precis\u00f3.<\/span><\/p>\n","protected":false},"excerpt":{"rendered":"<p>El Club Deportivo y Cultural San Carlos reconoci\u00f3 al ingeniero\u00a0Epifanio\u00a0Gonz\u00e1lez Minaya,\u00a0rector\u00a0de la Universidad Nacional Evang\u00e9lica (UNEV), por todos los aportes que realiza desde esa instituci\u00f3n a favor de la juventud sancarle\u00f1a. El reconocimiento fue entregado por el presidente del Club San Carlos, arquitecto Johnny Peguero, previo al inicio del partido de pretemporada escenificado entre Mauricio [&hellip;]<\/p>\n","protected":false},"author":9,"featured_media":54409,"comment_status":"closed","ping_status":"closed","sticky":false,"template":"","format":"standard","meta":[],"categories":[2,60],"tags":[],"acf":[],"_links":{"self":[{"href":"https:\/\/colimdo.org\/wp-api\/wp\/v2\/posts\/54408"}],"collection":[{"href":"https:\/\/colimdo.org\/wp-api\/wp\/v2\/posts"}],"about":[{"href":"https:\/\/colimdo.org\/wp-api\/wp\/v2\/types\/post"}],"author":[{"embeddable":true,"href":"https:\/\/colimdo.org\/wp-api\/wp\/v2\/users\/9"}],"replies":[{"embeddable":true,"href":"https:\/\/colimdo.org\/wp-api\/wp\/v2\/comments?post=54408"}],"version-history":[{"count":1,"href":"https:\/\/colimdo.org\/wp-api\/wp\/v2\/posts\/54408\/revisions"}],"predecessor-version":[{"id":54410,"href":"https:\/\/colimdo.org\/wp-api\/wp\/v2\/posts\/54408\/revisions\/54410"}],"wp:featuredmedia":[{"embeddable":true,"href":"https:\/\/colimdo.org\/wp-api\/wp\/v2\/media\/54409"}],"wp:attachment":[{"href":"https:\/\/colimdo.org\/wp-api\/wp\/v2\/media?parent=54408"}],"wp:term":[{"taxonomy":"category","embeddable":true,"href":"https:\/\/colimdo.org\/wp-api\/wp\/v2\/categories?post=54408"},{"taxonomy":"post_tag","embeddable":true,"href":"https:\/\/colimdo.org\/wp-api\/wp\/v2\/tags?post=54408"}],"curies":[{"name":"wp","href":"https:\/\/api.w.org\/{rel}","templated":true}]}}