{"id":54411,"date":"2019-05-28T04:29:16","date_gmt":"2019-05-28T04:29:16","guid":{"rendered":"https:\/\/colimdo.org\/?p=54411"},"modified":"2019-05-28T04:33:36","modified_gmt":"2019-05-28T04:33:36","slug":"james-rodriguez-se-reunio-ninos-aquejados-cancer","status":"publish","type":"post","link":"https:\/\/colimdo.org\/noticias\/james-rodriguez-se-reunio-ninos-aquejados-cancer\/","title":{"rendered":"James Rodr\u00edguez se reuni\u00f3 con ni\u00f1os aquejados por c\u00e1ncer"},"content":{"rendered":"<p>BOGOT\u00c1 (AP) \u2014 James Rodr\u00edguez est\u00e1 listo para comenzar su preparaci\u00f3n con la selecci\u00f3n de Colombia que disputar\u00e1 la Copa Am\u00e9rica. Pero antes de incorporarse a las pr\u00e1cticas, el astro tuvo algo m\u00e1s importante que hacer.<\/p>\n<p>Se reuni\u00f3 el lunes con un grupo de ni\u00f1os aquejados por el c\u00e1ncer, que reciben la asistencia de la Fundaci\u00f3n Colombia Somos Todos, en combinaci\u00f3n con el Hospital Pedi\u00e1trico La Misericordia.<\/p>\n<p>El propio jugador del Bayern M\u00fanich cre\u00f3 esa fundaci\u00f3n y, durante el encuentro del lunes, anunci\u00f3 el lanzamiento de un videojuego denominado Warrior Children (ni\u00f1os guerreros), con el que busca reunir fondos para ayudar a los menores. Cada descarga del juego tiene un precio equivalente a unos tres d\u00f3lares.<\/p>\n<div id=\"div-gpt-ad-1470255291270-0\" class=\"DFPSlot\" data-key=\"ad-placeholder\" data-google-query-id=\"CPKphbixveICFcEKgQodflIJvQ\">\n<p>\u201cA comprar, a comprar&#8230; no sean amarrados (taca\u00f1os)\u201d, dijo James, quien demostr\u00f3 el videojuego durante unos cinco minutos. \u201cA veces creemos que por una gripa estamos vencidos y miren a estos ni\u00f1os, siempre sonrientes\u201d.<\/p>\n<p>El futbolista, acompa\u00f1ado por su novia, la modelo venezolana Shannon de Lima, se reuni\u00f3 con los ni\u00f1os en una sala de cine de un centro comercial al noroccidente de Bogot\u00e1. El lugar fue colmado por aficionados.<\/p>\n<p>James ha sido afectado por dolencias en las piernas y su futuro en el club alem\u00e1n es incierto. Sin embargo, pidi\u00f3 que los hinchas colombianos conf\u00eden en su selecci\u00f3n.<\/p>\n<p>\u201cQue nos apoyen y que siempre intentamos dar todo\u201d, fue su mensaje.<\/p>\n<p>La estrella no asisti\u00f3 a la pr\u00e1ctica del lunes, en la que participaron 13 de los 40 futbolistas preseleccionados por el t\u00e9cnico Carlos Queiroz. La n\u00f3mina definitiva de 23 ser\u00e1 anunciada el jueves.<\/p>\n<p>El entrenamiento se cumpli\u00f3 en sede deportiva de la Federaci\u00f3n Colombiana de f\u00fatbol al noroccidente de Bogot\u00e1.<\/p>\n<p>Antes de viajar a Brasil, Colombia enfrentar\u00e1 a Panam\u00e1 en Bogot\u00e1 el 3 de junio y a Per\u00fa en Lima el 9. Debutar\u00e1 en la Copa contra Argentina el 15 de junio, Qatar ser\u00e1 su oponente el 19 y cerrar\u00e1 con Paraguay el 23.<\/p>\n<\/div>\n","protected":false},"excerpt":{"rendered":"<p>BOGOT\u00c1 (AP) \u2014 James Rodr\u00edguez est\u00e1 listo para comenzar su preparaci\u00f3n con la selecci\u00f3n de Colombia que disputar\u00e1 la Copa Am\u00e9rica. Pero antes de incorporarse a las pr\u00e1cticas, el astro tuvo algo m\u00e1s importante que hacer. Se reuni\u00f3 el lunes con un grupo de ni\u00f1os aquejados por el c\u00e1ncer, que reciben la asistencia de la [&hellip;]<\/p>\n","protected":false},"author":9,"featured_media":54412,"comment_status":"closed","ping_status":"closed","sticky":false,"template":"","format":"standard","meta":[],"categories":[2,60],"tags":[],"acf":[],"_links":{"self":[{"href":"https:\/\/colimdo.org\/wp-api\/wp\/v2\/posts\/54411"}],"collection":[{"href":"https:\/\/colimdo.org\/wp-api\/wp\/v2\/posts"}],"about":[{"href":"https:\/\/colimdo.org\/wp-api\/wp\/v2\/types\/post"}],"author":[{"embeddable":true,"href":"https:\/\/colimdo.org\/wp-api\/wp\/v2\/users\/9"}],"replies":[{"embeddable":true,"href":"https:\/\/colimdo.org\/wp-api\/wp\/v2\/comments?post=54411"}],"version-history":[{"count":1,"href":"https:\/\/colimdo.org\/wp-api\/wp\/v2\/posts\/54411\/revisions"}],"predecessor-version":[{"id":54413,"href":"https:\/\/colimdo.org\/wp-api\/wp\/v2\/posts\/54411\/revisions\/54413"}],"wp:featuredmedia":[{"embeddable":true,"href":"https:\/\/colimdo.org\/wp-api\/wp\/v2\/media\/54412"}],"wp:attachment":[{"href":"https:\/\/colimdo.org\/wp-api\/wp\/v2\/media?parent=54411"}],"wp:term":[{"taxonomy":"category","embeddable":true,"href":"https:\/\/colimdo.org\/wp-api\/wp\/v2\/categories?post=54411"},{"taxonomy":"post_tag","embeddable":true,"href":"https:\/\/colimdo.org\/wp-api\/wp\/v2\/tags?post=54411"}],"curies":[{"name":"wp","href":"https:\/\/api.w.org\/{rel}","templated":true}]}}