{"id":54414,"date":"2019-05-28T04:32:06","date_gmt":"2019-05-28T04:32:06","guid":{"rendered":"https:\/\/colimdo.org\/?p=54414"},"modified":"2019-05-28T04:32:06","modified_gmt":"2019-05-28T04:32:06","slug":"neymar-deja-capitan-brasil-copa-america","status":"publish","type":"post","link":"https:\/\/colimdo.org\/noticias\/neymar-deja-capitan-brasil-copa-america\/","title":{"rendered":"Neymar deja de ser el capit\u00e1n de Brasil para Copa Am\u00e9rica"},"content":{"rendered":"<p>R\u00cdO DE JANEIRO (AP) \u2014 Neymar ha dejado de ser el capit\u00e1n de la selecci\u00f3n de Brasil, y ser\u00e1 el veterano Dani Alves quien porte el brazalete durante la Copa Am\u00e9rica, en que la Canarinha ser\u00e1 anfitriona.<\/p>\n<p>La decisi\u00f3n sugiere que el astro del Par\u00eds Saint-Germain enfrentar\u00e1 una intensa presi\u00f3n por conquistar el t\u00edtulo durante el certamen sudamericano que comienza el mes pr\u00f3ximo.<\/p>\n<p>Mediante un comunicado emitido el lunes, la Confederaci\u00f3n Brasile\u00f1a de F\u00fatbol (CBF) inform\u00f3 que Alves, de 36 a\u00f1os, amigo cercano de Neymar y su compa\u00f1ero en el PSG, debutar\u00e1 como capit\u00e1n el 5 de junio, durante un partido amistoso frente a Catar en Brasilia.<\/p>\n<p>La Copa Am\u00e9rica se disputar\u00e1 del 14 de junio al 7 de julio. Brasil comenzar\u00e1 su participaci\u00f3n ante Bolivia en Sao Paulo, en el partido inaugural.<\/p>\n<p>Asimismo, la CBF inform\u00f3 que el seleccionador Tite le notific\u00f3 el s\u00e1bado la decisi\u00f3n a Neymar. Ese d\u00eda, el delantero lleg\u00f3 al complejo de entrenamientos en las afueras de R\u00edo de Janeiro.<\/p>\n<p>El \u00f3rgano rector del f\u00fatbol brasile\u00f1o anunci\u00f3 que Alves se incorporar\u00e1 a la selecci\u00f3n el martes, pero recibi\u00f3 el domingo el aviso de que es el nuevo capit\u00e1n.<\/p>\n<p>Tite, Neymar y Dani Alves no han hablado todav\u00eda sobre la decisi\u00f3n.<\/p>\n<p>Neymar, de 27 a\u00f1os, hab\u00eda sido capit\u00e1n de la selecci\u00f3n desde la eliminaci\u00f3n ante B\u00e9lgica en los cuartos de final de la Copa del Mundo de 2018 ante B\u00e9lgica. Tite dijo entonces que quer\u00eda encomendar m\u00e1s responsabilidades al atacante, duramente criticado por los aficionados brasile\u00f1os a ra\u00edz de sus actuaciones poco convincentes en Rusia.<\/p>\n<p>La decisi\u00f3n del t\u00e9cnico llega despu\u00e9s de que Neymar se enfrasc\u00f3 en un altercado con un hincha el 27 de abril, en la final de la Copa de Francia. El jugador se disculp\u00f3 por el incidente, ocurrido despu\u00e9s de que el PSG cay\u00f3 por penales ante Rennes.<\/p>\n<p>Ello no bast\u00f3 para que Neymar conservara el brazalete. Distintos medios hab\u00edan pedido que el entrenador retirara la capitan\u00eda a Neymar.<\/p>\n<p>Alves, el nuevo capit\u00e1n, gan\u00f3 la Copa Am\u00e9rica en 2007 y anot\u00f3 un gol en la victoria por 3-0 sobre Argentina en la final. Ostenta el mayor n\u00famero de convocatorias a la selecci\u00f3n, con 138.<\/p>\n<p>Se esperaba que el lateral derecho fuera el capit\u00e1n de Brasil durante el Mundial en Rusia, pero sufri\u00f3 una lesi\u00f3n en la rodilla izquierda, que le impidi\u00f3 jugar.<\/p>\n<p>Los preparativos de Brasil para la Copa Am\u00e9rica entraron en una pausa el lunes. Los jugadores reanudar\u00e1n los entrenamientos este martes por la tarde.<\/p>\n<p>Brasil forma parte del Grupo A, con Bolivia, Venezuela y Per\u00fa.<\/p>\n","protected":false},"excerpt":{"rendered":"<p>R\u00cdO DE JANEIRO (AP) \u2014 Neymar ha dejado de ser el capit\u00e1n de la selecci\u00f3n de Brasil, y ser\u00e1 el veterano Dani Alves quien porte el brazalete durante la Copa Am\u00e9rica, en que la Canarinha ser\u00e1 anfitriona. La decisi\u00f3n sugiere que el astro del Par\u00eds Saint-Germain enfrentar\u00e1 una intensa presi\u00f3n por conquistar el t\u00edtulo durante [&hellip;]<\/p>\n","protected":false},"author":9,"featured_media":54415,"comment_status":"closed","ping_status":"closed","sticky":false,"template":"","format":"standard","meta":[],"categories":[2,60],"tags":[],"acf":[],"_links":{"self":[{"href":"https:\/\/colimdo.org\/wp-api\/wp\/v2\/posts\/54414"}],"collection":[{"href":"https:\/\/colimdo.org\/wp-api\/wp\/v2\/posts"}],"about":[{"href":"https:\/\/colimdo.org\/wp-api\/wp\/v2\/types\/post"}],"author":[{"embeddable":true,"href":"https:\/\/colimdo.org\/wp-api\/wp\/v2\/users\/9"}],"replies":[{"embeddable":true,"href":"https:\/\/colimdo.org\/wp-api\/wp\/v2\/comments?post=54414"}],"version-history":[{"count":1,"href":"https:\/\/colimdo.org\/wp-api\/wp\/v2\/posts\/54414\/revisions"}],"predecessor-version":[{"id":54416,"href":"https:\/\/colimdo.org\/wp-api\/wp\/v2\/posts\/54414\/revisions\/54416"}],"wp:featuredmedia":[{"embeddable":true,"href":"https:\/\/colimdo.org\/wp-api\/wp\/v2\/media\/54415"}],"wp:attachment":[{"href":"https:\/\/colimdo.org\/wp-api\/wp\/v2\/media?parent=54414"}],"wp:term":[{"taxonomy":"category","embeddable":true,"href":"https:\/\/colimdo.org\/wp-api\/wp\/v2\/categories?post=54414"},{"taxonomy":"post_tag","embeddable":true,"href":"https:\/\/colimdo.org\/wp-api\/wp\/v2\/tags?post=54414"}],"curies":[{"name":"wp","href":"https:\/\/api.w.org\/{rel}","templated":true}]}}