{"id":54455,"date":"2019-05-28T17:41:08","date_gmt":"2019-05-28T17:41:08","guid":{"rendered":"https:\/\/colimdo.org\/?p=54455"},"modified":"2019-05-28T17:41:08","modified_gmt":"2019-05-28T17:41:08","slug":"ecuestre-celebrara-competencias-salto-obstaculos","status":"publish","type":"post","link":"https:\/\/colimdo.org\/noticias\/ecuestre-celebrara-competencias-salto-obstaculos\/","title":{"rendered":"Ecuestre celebrar\u00e1 competencias de Salto de Obst\u00e1culos"},"content":{"rendered":"<p>SANTO DOMINGO.- La d\u00e9cima y decimoprimera competencias oficiales de Salto de Obst\u00e1culos correspondientes al Campeonato Nacional de Deportes Ecuestre ser\u00e1n celebradas los d\u00edas 1 y 2 de junio.<\/p>\n<p>El evento es organizado por la Asociaci\u00f3n de Saltos Dominicana.<\/p>\n<p>El anuncio lo hizo hoy la Federaci\u00f3n Dominicana de Deportes Ecuestres, que preside el ingeniero Jos\u00e9 Manuel Ramos B\u00e1ez, a trav\u00e9s de una nota de prensa.<\/p>\n<p>En las justas, que tendr\u00e1n lugar en el Centro Ecuestre Palmarejo, participar\u00e1n 60 binomios disput\u00e1ndose los m\u00e1ximos honores en las diferentes categor\u00edas.<\/p>\n<p>\u201cLas competencias ser\u00e1n en las alturas de 0.40 metro a 1:30 metro, y cada d\u00eda estar\u00e1n en acci\u00f3n 60 binomios, lo cual nos garantiza la asistencia de un nutrido p\u00fablico amante de este deporte\u201d, dice la nota.<\/p>\n<p>Los centros ecuestres que estar\u00e1n representados en la justa son: Nitram, Feria Ganadera, Scuder\u00eda Ieromazzo, Los Establos, Punta Cana, La Camarga y el club anfitri\u00f3n, Centro Ecuestre Palmarejo.<\/p>\n<p>\u201cCada d\u00eda iniciaremos las competencias a las 8:30 de la ma\u00f1ana\u201d, se\u00f1ala el despacho de prensa de la Federaci\u00f3n.<\/p>\n","protected":false},"excerpt":{"rendered":"<p>El evento es organizado por la Asociaci\u00f3n de Saltos Dominicana.<\/p>\n","protected":false},"author":16,"featured_media":54456,"comment_status":"closed","ping_status":"closed","sticky":false,"template":"","format":"standard","meta":[],"categories":[2,60],"tags":[],"acf":[],"_links":{"self":[{"href":"https:\/\/colimdo.org\/wp-api\/wp\/v2\/posts\/54455"}],"collection":[{"href":"https:\/\/colimdo.org\/wp-api\/wp\/v2\/posts"}],"about":[{"href":"https:\/\/colimdo.org\/wp-api\/wp\/v2\/types\/post"}],"author":[{"embeddable":true,"href":"https:\/\/colimdo.org\/wp-api\/wp\/v2\/users\/16"}],"replies":[{"embeddable":true,"href":"https:\/\/colimdo.org\/wp-api\/wp\/v2\/comments?post=54455"}],"version-history":[{"count":1,"href":"https:\/\/colimdo.org\/wp-api\/wp\/v2\/posts\/54455\/revisions"}],"predecessor-version":[{"id":54457,"href":"https:\/\/colimdo.org\/wp-api\/wp\/v2\/posts\/54455\/revisions\/54457"}],"wp:featuredmedia":[{"embeddable":true,"href":"https:\/\/colimdo.org\/wp-api\/wp\/v2\/media\/54456"}],"wp:attachment":[{"href":"https:\/\/colimdo.org\/wp-api\/wp\/v2\/media?parent=54455"}],"wp:term":[{"taxonomy":"category","embeddable":true,"href":"https:\/\/colimdo.org\/wp-api\/wp\/v2\/categories?post=54455"},{"taxonomy":"post_tag","embeddable":true,"href":"https:\/\/colimdo.org\/wp-api\/wp\/v2\/tags?post=54455"}],"curies":[{"name":"wp","href":"https:\/\/api.w.org\/{rel}","templated":true}]}}