{"id":54466,"date":"2019-05-28T18:23:16","date_gmt":"2019-05-28T18:23:16","guid":{"rendered":"https:\/\/colimdo.org\/?p=54466"},"modified":"2019-05-28T18:23:16","modified_gmt":"2019-05-28T18:23:16","slug":"uribe-dice-horford-towns-estan-dentro-los-planes-rd-mundial","status":"publish","type":"post","link":"https:\/\/colimdo.org\/noticias\/uribe-dice-horford-towns-estan-dentro-los-planes-rd-mundial\/","title":{"rendered":"Uribe dice que Horford y Towns est\u00e1n dentro de los planes de RD para el Mundial"},"content":{"rendered":"<p>SANTO DOMINGO (EL NUEVO DIARIO).- Cada vez que se habla de un jugador de la NBA sobre sus planes de ir o no al Mundial de Baloncesto de China, los fan\u00e1ticos dominicanos piensan en dos nombres: Al Horford y Karl Towns.<\/p>\n<p>El presidente de la Federaci\u00f3n Dominicana de Baloncesto (Fedombal), Rafael Uribe, reafirm\u00f3 que los jugadores antes mencionados est\u00e1n dentro de los planes para el equipo.<\/p>\n<p>\u201cEntiendo que est\u00e1n dentro. Podemos decir que en un 75 por ciento. Se har\u00e1 una rueda de prensa en cualquier momento para hacer el anuncio positivo para la comunicad del baloncesto y en sentido general\u201d, dijo Uribe.<\/p>\n<p>\u201cLos muchachos (Horford y Towns) estaban esperando sus compromisos en la NBA y ahora est\u00e1n en proceso de descanso y yo entiendo que ya lleg\u00f3 la hora de hacer los contactos con ellos en los pr\u00f3ximos d\u00edas\u201d, a\u00f1ade Uribe, un poco inseguro sobre el tema. \u201cEllos lo han hecho (ponerse la camiseta dominicana) y ellos quieren representar a su pa\u00eds\u201d, agrega el presidente de Fedombal.<\/p>\n<p>Dominicana jugar\u00e1 en el grupo G, junto con Francia, Alemania y Jordania.<\/p>\n<p>El Mundial de Baloncesto se jugar\u00e1 en China del 31 de agosto al 15 de septiembre pr\u00f3ximo.<\/p>\n<p>La selecci\u00f3n criolla tendr\u00e1 varios fogueos, entre ellos dos ante el equipo de Nigeria, los d\u00edas 19 y 25 de julio en suelo dominicano.<\/p>\n<p>\u201cSer\u00e1 la primera vez que un equipo africano viene al pa\u00eds. El Ministerio de Deportes pagar\u00e1 los vuelos de los jugadores, mientras que nosotros costearemos el hospedaje del equipo\u201d, explica Uribe.<\/p>\n<p>\u201cSer\u00e1 un fogueo caro, por lo que estamos prestos a buscar patrocinios, adem\u00e1s que los partidos van televisados en el canal Colimdo TV, gracias al apoyo de Luisin Mej\u00eda, presidente del Comit\u00e9 Ol\u00edmpico Dominicano\u201d.<\/p>\n<p>Sobre los Juegos Panamericanos, el equipo criollo iniciar\u00e1 su preparaci\u00f3n el 10 de julio, bajo las directrices de N\u00e9stor \u201cChe\u201d Garc\u00eda y Melvyn L\u00f3pez.<\/p>\n<p>\u201cVamos con un equipo A para ese evento. Tendremos a Brandone Francis, Edgar Sosa, Eloy Vargas, entre otros que ya nos han llamado que quieren ir\u201d, sostuvo.<\/p>\n<p>Los Juegos Panamericanos se realizar\u00e1n en Lima, Per\u00fa, del 26 de julio al 11 de agosto.<\/p>\n","protected":false},"excerpt":{"rendered":"<p>El presidente de la Federaci\u00f3n Dominicana de Baloncesto (Fedombal), Rafael Uribe, reafirm\u00f3 que los jugadores antes mencionados est\u00e1n dentro de los planes para el equipo.<\/p>\n","protected":false},"author":16,"featured_media":54467,"comment_status":"closed","ping_status":"closed","sticky":false,"template":"","format":"standard","meta":[],"categories":[2,60],"tags":[],"acf":[],"_links":{"self":[{"href":"https:\/\/colimdo.org\/wp-api\/wp\/v2\/posts\/54466"}],"collection":[{"href":"https:\/\/colimdo.org\/wp-api\/wp\/v2\/posts"}],"about":[{"href":"https:\/\/colimdo.org\/wp-api\/wp\/v2\/types\/post"}],"author":[{"embeddable":true,"href":"https:\/\/colimdo.org\/wp-api\/wp\/v2\/users\/16"}],"replies":[{"embeddable":true,"href":"https:\/\/colimdo.org\/wp-api\/wp\/v2\/comments?post=54466"}],"version-history":[{"count":1,"href":"https:\/\/colimdo.org\/wp-api\/wp\/v2\/posts\/54466\/revisions"}],"predecessor-version":[{"id":54468,"href":"https:\/\/colimdo.org\/wp-api\/wp\/v2\/posts\/54466\/revisions\/54468"}],"wp:featuredmedia":[{"embeddable":true,"href":"https:\/\/colimdo.org\/wp-api\/wp\/v2\/media\/54467"}],"wp:attachment":[{"href":"https:\/\/colimdo.org\/wp-api\/wp\/v2\/media?parent=54466"}],"wp:term":[{"taxonomy":"category","embeddable":true,"href":"https:\/\/colimdo.org\/wp-api\/wp\/v2\/categories?post=54466"},{"taxonomy":"post_tag","embeddable":true,"href":"https:\/\/colimdo.org\/wp-api\/wp\/v2\/tags?post=54466"}],"curies":[{"name":"wp","href":"https:\/\/api.w.org\/{rel}","templated":true}]}}