{"id":54473,"date":"2019-05-28T22:40:41","date_gmt":"2019-05-28T22:40:41","guid":{"rendered":"https:\/\/colimdo.org\/?p=54473"},"modified":"2019-05-28T22:40:41","modified_gmt":"2019-05-28T22:40:41","slug":"cod-celebrara-este-miercoles-misa-memoria-wiche-2","status":"publish","type":"post","link":"https:\/\/colimdo.org\/noticias\/cod-celebrara-este-miercoles-misa-memoria-wiche-2\/","title":{"rendered":"COD celebrar\u00e1 este mi\u00e9rcoles misa en memoria de Wiche"},"content":{"rendered":"<p>SANTO DOMINGO. El Comit\u00e9 Ol\u00edmpico Dominicano (COD) y la familia Garc\u00eda Saleta celebrar\u00e1n este mi\u00e9rcoles, 29 de mayo, \u00a0una misa en memoria del d\u00e9cimo quinto aniversario del tr\u00e1gico fallecimiento del ingeniero Juan Ulises Garc\u00eda Saleta (Wiche).<\/p>\n<p>La eucarist\u00eda ser\u00e1 se efectuar\u00e1 a las 6:30 de la tarde, en la Parroquia San Judas Tadeo, callo Fantino Falcon, del Ensanche Naco.<\/p>\n<p>El COD y la familia Garc\u00eda Saleta est\u00e1n convocando a los dirigentes deportivos, entrenadores, atletas y deportistas en general, a asistir a la misa para recordar al connotado dirigente fallecido en mayo de 2004.<\/p>\n<p>Una nota de la Oficina de Prensa del Comit\u00e9 Ol\u00edmpico Dominicano informa que el culto a la memoria y honor del prestigioso dirigente asistir\u00e1n los dirigentes de ese organismo y a la misma han sido invitados los dirigentes de las Federaciones Deportivas Nacionales, de asociaciones, clubes y ligas, atletas, as\u00ed como de las Uniones Deportivas y deportistas en general.<\/p>\n<p>El ingeniero Juan Ulises Garc\u00eda Saleta falleci\u00f3 a los 79 a\u00f1os de edad en un triple choque ocurrido en el kil\u00f3metro 14 de la autopista Seis de Noviembre.<\/p>\n<p>Wiche fue exaltado al Pabell\u00f3n del Deporte Dominicano como propulsor en el Ceremonial del a\u00f1o 1990. Naci\u00f3 en Santo Domingo el 25 de octubre del a\u00f1o 1925 y entra a la direcci\u00f3n del movimiento deportivo en 1962.<\/p>\n<p>Logr\u00f3 para el pa\u00eds, la sede de los XII Juegos Centroamericanos y del Caribe, celebrados en Santo Domingo en 1974.<\/p>\n<p>Tambi\u00e9n fue secretario de Estado de Deportes, Educaci\u00f3n F\u00edsica y Recreaci\u00f3n en 1981, y dirigi\u00f3 organizaciones deportivas formadas por campesinos en la regi\u00f3n Sur del pa\u00eds.<br \/>\n<span style=\"font-style: inherit; font-weight: inherit;\">Fue miembro de la Organizaci\u00f3n Deportiva Centroamericana y del Caribe (ODECABE) y de la Organizaci\u00f3n Deportiva Panamericana (ODEPA).<br \/>\nDesde muy joven, Wiche mostr\u00f3 sus cualidades como atleta, propulsor, dirigente y constructor deportivo.<br \/>\nComo atleta practic\u00f3 atletismo, boxeo, voleibol, baloncesto, b\u00e9isbol, nataci\u00f3n, ciclismo, patinaje sobre ruedas, equitaci\u00f3n y tenis de mesa.<\/span><\/p>\n","protected":false},"excerpt":{"rendered":"<p>La eucarist\u00eda ser\u00e1 se efectuar\u00e1 a las 6:30 de la tarde, en la Parroquia San Judas Tadeo, callo Fantino Falcon, del Ensanche Naco.<\/p>\n","protected":false},"author":16,"featured_media":54361,"comment_status":"closed","ping_status":"closed","sticky":false,"template":"","format":"standard","meta":[],"categories":[2,60],"tags":[],"acf":[],"_links":{"self":[{"href":"https:\/\/colimdo.org\/wp-api\/wp\/v2\/posts\/54473"}],"collection":[{"href":"https:\/\/colimdo.org\/wp-api\/wp\/v2\/posts"}],"about":[{"href":"https:\/\/colimdo.org\/wp-api\/wp\/v2\/types\/post"}],"author":[{"embeddable":true,"href":"https:\/\/colimdo.org\/wp-api\/wp\/v2\/users\/16"}],"replies":[{"embeddable":true,"href":"https:\/\/colimdo.org\/wp-api\/wp\/v2\/comments?post=54473"}],"version-history":[{"count":1,"href":"https:\/\/colimdo.org\/wp-api\/wp\/v2\/posts\/54473\/revisions"}],"predecessor-version":[{"id":54474,"href":"https:\/\/colimdo.org\/wp-api\/wp\/v2\/posts\/54473\/revisions\/54474"}],"wp:featuredmedia":[{"embeddable":true,"href":"https:\/\/colimdo.org\/wp-api\/wp\/v2\/media\/54361"}],"wp:attachment":[{"href":"https:\/\/colimdo.org\/wp-api\/wp\/v2\/media?parent=54473"}],"wp:term":[{"taxonomy":"category","embeddable":true,"href":"https:\/\/colimdo.org\/wp-api\/wp\/v2\/categories?post=54473"},{"taxonomy":"post_tag","embeddable":true,"href":"https:\/\/colimdo.org\/wp-api\/wp\/v2\/tags?post=54473"}],"curies":[{"name":"wp","href":"https:\/\/api.w.org\/{rel}","templated":true}]}}