{"id":54487,"date":"2019-05-29T00:00:47","date_gmt":"2019-05-29T00:00:47","guid":{"rendered":"https:\/\/colimdo.org\/?p=54487"},"modified":"2019-05-29T00:00:47","modified_gmt":"2019-05-29T00:00:47","slug":"leyenda-del-boxeo-roberto-duran-estrena-pelicula-documental","status":"publish","type":"post","link":"https:\/\/colimdo.org\/noticias\/leyenda-del-boxeo-roberto-duran-estrena-pelicula-documental\/","title":{"rendered":"Leyenda del boxeo Roberto Dur\u00e1n estrena pel\u00edcula documental"},"content":{"rendered":"<p>LOS \u00c1NGELES (AP) \u2014 A la hora de promover su nuevo documental \u201cI Am Duran\u201d, Roberto Dur\u00e1n s\u00f3lo quer\u00eda a una persona a su lado: su antigua n\u00e9mesis en el cuadril\u00e1tero, ahora buen amigo, Sugar Ray Leonard.<\/p>\n<p>\u201cYo pienso que Leonard no tendr\u00eda que estar aqu\u00ed porque yo soy Dur\u00e1n, pero este es mi \u2018brother\u2019 (hermano), este es mi amigo, mi hermano, y a \u00e9l siempre le gusta estar conmigo. Y nos queremos tanto y nos respetamos tanto a pesar de que hemos peleado\u201d, explic\u00f3 el \u00edcono del boxeo paname\u00f1o sentado junto a su colega estadounidense en una entrevista reciente.<\/p>\n<p>La pel\u00edcula, dirigida por Mat Hodgson, sigue la historia del cuatro veces campe\u00f3n mundial que se convirti\u00f3 en un h\u00e9roe en su pa\u00eds. Dur\u00e1n pas\u00f3 de dormir en las calles, muchas veces sin nada que comer, a llenar estadios alrededor del mundo. El filme incluye comentarios de Robert De Niro, Oscar De La Hoya, Mike Tyson y, por supuesto, de Leonard.<\/p>\n<p>\u201cMe resulta incre\u00edble c\u00f3mo nuestras vidas se relacionan\u201d, dijo Leonard. \u201cPrimero era pelear uno contra el otro, y unos 30 o 40 a\u00f1os despu\u00e9s, nos hemos reunido y estoy aqu\u00ed para apoyar a mi amigo y hacerle saber a la gente que esta pel\u00edcula, este documental, es tan convincente y tan poderoso que no te har\u00e1 un boxeador, pero te inspirar\u00e1 a apreciar incluso las cosas m\u00e1s peque\u00f1as, a ser feliz y a trabajar y ser un luchador, fuera del cuadril\u00e1tero\u201d.<\/p>\n<p>La historia sigue la emblem\u00e1tica trayectoria de cinco d\u00e9cadas del p\u00fagil, pero tambi\u00e9n entreteje de manera inextricable la historia de Panam\u00e1. Mientras Dur\u00e1n ascend\u00eda, ca\u00eda y se volv\u00eda a levantar, tambi\u00e9n lo hac\u00eda su amado pa\u00eds.<\/p>\n<p>Tras ver el documental, Leonard admiti\u00f3 que pudo comprender mejor el imparable impulso de Dur\u00e1n para ser el mejor boxeador.<\/p>\n<p>\u201cCuando fui a Panam\u00e1, fui personalmente para \u201930 for 30\u2032 (de ESPN), vi d\u00f3nde naci\u00f3, donde creci\u00f3 y qued\u00e9 completamente aniquilado\u201d, dijo. \u201cEntend\u00ed su impulso, entend\u00ed su ira en el cuadril\u00e1tero, entend\u00ed que sus pu\u00f1os eran como, incre\u00edbles\u201d.<\/p>\n<p>Leonard salt\u00f3 a la fama tras ganar medalla de oro en los Juegos Ol\u00edmpicos de Verano de 1976. Dur\u00e1n, apodado Manos de Piedra, era uno de sus m\u00e1s duros rivales. Despu\u00e9s de tres grandes peleas y una vida de admiraci\u00f3n y respeto mutuo, Dur\u00e1n dijo que lo hace muy feliz considerar a Leonard un hermano.<\/p>\n<p>\u201cEsas cosas a m\u00ed me ponen contento, me ponen feliz de la vida porque cuando nosotros pele\u00e1bamos la gente cre\u00eda que nos odi\u00e1bamos. No nos odi\u00e1bamos\u201d, dijo Dur\u00e1n. \u201cEs el ritmo de la pelea porque t\u00fa no le puedes mostrar a un boxeador que t\u00fa lo quieres o t\u00fa lo amas. No, no, no, no, no\u201d.<\/p>\n<p>Tras competir de 1968 al 2001 y ganar t\u00edtulos mundiales en cuatro categor\u00edas de peso, Dur\u00e1n dijo que realmente no le importa qu\u00e9 piense la gente de su legado porque \u00e9l sencillamente es feliz.<\/p>\n<p>\u201cEl mundo me recuerda como quiera recordarme. La gente dice que yo estoy loco. Bueno, d\u00e9jame loco. Pero yo estoy contento, estoy feliz\u201d, expres\u00f3 con una sonrisa.<\/p>\n<p>\u201cI Am Duran\u201d estar\u00e1 disponible a partir del 4 de junio en los servicios digitales de Verizon, Dish, AT&amp;T, Comcast-Xfinity, Cox, Charter, DirecTV, iTunes, Amazon, Vudu, Google Play, FandangoNow, Playstation Store y Xbox.<\/p>\n","protected":false},"excerpt":{"rendered":"<p>LOS \u00c1NGELES (AP) \u2014 A la hora de promover su nuevo documental \u201cI Am Duran\u201d, Roberto Dur\u00e1n s\u00f3lo quer\u00eda a una persona a su lado: su antigua n\u00e9mesis en el cuadril\u00e1tero, ahora buen amigo, Sugar Ray Leonard. \u201cYo pienso que Leonard no tendr\u00eda que estar aqu\u00ed porque yo soy Dur\u00e1n, pero este es mi \u2018brother\u2019 [&hellip;]<\/p>\n","protected":false},"author":9,"featured_media":54488,"comment_status":"closed","ping_status":"closed","sticky":false,"template":"","format":"standard","meta":[],"categories":[2,60],"tags":[],"acf":[],"_links":{"self":[{"href":"https:\/\/colimdo.org\/wp-api\/wp\/v2\/posts\/54487"}],"collection":[{"href":"https:\/\/colimdo.org\/wp-api\/wp\/v2\/posts"}],"about":[{"href":"https:\/\/colimdo.org\/wp-api\/wp\/v2\/types\/post"}],"author":[{"embeddable":true,"href":"https:\/\/colimdo.org\/wp-api\/wp\/v2\/users\/9"}],"replies":[{"embeddable":true,"href":"https:\/\/colimdo.org\/wp-api\/wp\/v2\/comments?post=54487"}],"version-history":[{"count":1,"href":"https:\/\/colimdo.org\/wp-api\/wp\/v2\/posts\/54487\/revisions"}],"predecessor-version":[{"id":54489,"href":"https:\/\/colimdo.org\/wp-api\/wp\/v2\/posts\/54487\/revisions\/54489"}],"wp:featuredmedia":[{"embeddable":true,"href":"https:\/\/colimdo.org\/wp-api\/wp\/v2\/media\/54488"}],"wp:attachment":[{"href":"https:\/\/colimdo.org\/wp-api\/wp\/v2\/media?parent=54487"}],"wp:term":[{"taxonomy":"category","embeddable":true,"href":"https:\/\/colimdo.org\/wp-api\/wp\/v2\/categories?post=54487"},{"taxonomy":"post_tag","embeddable":true,"href":"https:\/\/colimdo.org\/wp-api\/wp\/v2\/tags?post=54487"}],"curies":[{"name":"wp","href":"https:\/\/api.w.org\/{rel}","templated":true}]}}