{"id":54493,"date":"2019-05-29T00:01:28","date_gmt":"2019-05-29T00:01:28","guid":{"rendered":"https:\/\/colimdo.org\/?p=54493"},"modified":"2019-05-29T01:00:09","modified_gmt":"2019-05-29T01:00:09","slug":"neymar-abandona-practica-brasil-dolor-rodilla","status":"publish","type":"post","link":"https:\/\/colimdo.org\/noticias\/neymar-abandona-practica-brasil-dolor-rodilla\/","title":{"rendered":"Neymar abandona pr\u00e1ctica de Brasil por dolor de rodilla"},"content":{"rendered":"<p>Neymar tuvo que abreviar su primer entrenamiento completo con la selecci\u00f3n de Brasil para la Copa Am\u00e9rica, debido a un aparente dolor en la rodilla izquierda.<\/p>\n<p>El astro de 27 a\u00f1os abandon\u00f3 el martes la cancha del complejo de pr\u00e1cticas Granja Comary, en las afueras de R\u00edo de Janeiro, junto con el doctor Rodrigo Lasmar.<\/p>\n<p>La Confederaci\u00f3n Brasile\u00f1a de F\u00fatbol (CBF) inform\u00f3 que Neymar hab\u00eda experimentado una \u201cincomodidad\u201d en la rodilla y ser\u00eda evaluado por el personal m\u00e9dico.<\/p>\n<p>Una lesi\u00f3n representar\u00eda otro golpe para Neymar, quien ha disputado s\u00f3lo cuatro encuentros con el Par\u00eds Saint-Germain desde el 27 de abril, cuando regres\u00f3 tras una fractura del metatarso derecho.<\/p>\n<p>Aqu\u00e9lla fue la misma lesi\u00f3n que limit\u00f3 su velocidad y gambetas durante el Mundial del a\u00f1o pasado.<\/p>\n<p>El preparador f\u00edsico de Brasil, Fabio Mahseredjian, hab\u00eda dicho antes de la pr\u00e1ctica que Neymar se recuperar\u00eda plenamente luego de un par de partidos amistosos previstos para comienzos de junio, ante Qatar y Honduras.<\/p>\n<p>Pero el martes, que marc\u00f3 la primera pr\u00e1ctica completa de Brasil desde que los jugadores comenzaron a reunirse en la concentraci\u00f3n, Neymar debi\u00f3 marcharse y pareci\u00f3 sentir dolor tras ejecutar un disparo, poco antes de que concluyera la sesi\u00f3n.<\/p>\n<p>La Copa Am\u00e9rica comienza el 14 de junio, cuando el anfitri\u00f3n Brasil enfrente a Bolivia durante el partido inaugural en el estadio Morumb\u00ed de Sao Paulo. Venezuela y Per\u00fa forman parte del mismo grupo.<\/p>\n<p>El cuerpo t\u00e9cnico de Brasil se hab\u00eda mostrado tambi\u00e9n optimista sobre la recuperaci\u00f3n de Neymar para el Mundial en Rusia. Pero el atacante estelar llam\u00f3 m\u00e1s la atenci\u00f3n por fingir que le comet\u00edan faltas que por su habilidad caracter\u00edstica.<\/p>\n<p>Neymar llega adem\u00e1s a la Copa Am\u00e9rica, un torneo que Brasil no gana desde el 2007, con un problema disciplinario.<\/p>\n<p>Aparte de estar suspendido tres partidos en Francia por un altercado con un hincha tras la final de la Copa de Francia, Neymar critic\u00f3 p\u00fablicamente a algunos de sus compa\u00f1eros _ algo que no le gusta al t\u00e9cnico brasile\u00f1o Tite.<\/p>\n<p>En respuesta, Neymar fue reemplazado como capit\u00e1n de la selecci\u00f3n por el veterano defensor Dani Alves. La Confederaci\u00f3n Brasile\u00f1a de F\u00fatbol dijo que Tite tomo la decisi\u00f3n el s\u00e1bado tras una conversaci\u00f3n con Neymar.<\/p>\n<p>Caf\u00fa, un ex capit\u00e1n de Brasil que guio al equipo al t\u00edtulo de la Copa del Mundo en el 2002, dijo que Neymar no hab\u00eda mostrado suficiente respeto hacia el brazalete de capit\u00e1n.<\/p>\n<div id=\"div-gpt-ad-1470255291270-1\" class=\"DFPSlot\" data-key=\"ad-placeholder\" data-google-query-id=\"CLGRo6rEv-ICFVQVgQodc-MD3A\">\n\u201cSer capit\u00e1n es una gran responsabilidad\u201d, dijo Caf\u00fa. \u201cEs m\u00e1s que ser la estrella del equipo\u201d.<\/p>\n<p>La adoraci\u00f3n a Neymar en Brasil tambi\u00e9n se ha deteriorado debido a razones pol\u00edticas.<\/p>\n<p>Neymar recientemente expres\u00f3 apoyo al presidente ultraderechista Jair Bolsonaro, que ha hecho una serie de comentarios racistas, mis\u00f3ginos y homof\u00f3bicos.<\/p>\n<p>Semanas m\u00e1s tarde, mientras Neymar se preparaba para su regreso tras la lesi\u00f3n, la prensa brasile\u00f1a report\u00f3 que su padre se hab\u00eda reunido con Bolsonaro y el ministro de Econom\u00eda Paulo Guedes para discutir los problemas de impuestos del futbolista.<\/p>\n<p>La Copa Am\u00e9rica ser\u00e1 el cuarto torneo de Neymar en Brasil. En el 2013 gan\u00f3 la Copa Confederaciones y en el 2016 la medalla de oro en los Juegos Ol\u00edmpicos de Rio. Pero su equipo fue humillado en semifinales en la Copa del Mundo del 2014. Neymar estaba lesionado y no jug\u00f3 en la derrota por 7-1 ante Alemania.<\/p>\n<\/div>\n","protected":false},"excerpt":{"rendered":"<p>Neymar tuvo que abreviar su primer entrenamiento completo con la selecci\u00f3n de Brasil para la Copa Am\u00e9rica, debido a un aparente dolor en la rodilla izquierda. El astro de 27 a\u00f1os abandon\u00f3 el martes la cancha del complejo de pr\u00e1cticas Granja Comary, en las afueras de R\u00edo de Janeiro, junto con el doctor Rodrigo Lasmar. [&hellip;]<\/p>\n","protected":false},"author":9,"featured_media":54494,"comment_status":"closed","ping_status":"closed","sticky":false,"template":"","format":"standard","meta":[],"categories":[2,60],"tags":[],"acf":[],"_links":{"self":[{"href":"https:\/\/colimdo.org\/wp-api\/wp\/v2\/posts\/54493"}],"collection":[{"href":"https:\/\/colimdo.org\/wp-api\/wp\/v2\/posts"}],"about":[{"href":"https:\/\/colimdo.org\/wp-api\/wp\/v2\/types\/post"}],"author":[{"embeddable":true,"href":"https:\/\/colimdo.org\/wp-api\/wp\/v2\/users\/9"}],"replies":[{"embeddable":true,"href":"https:\/\/colimdo.org\/wp-api\/wp\/v2\/comments?post=54493"}],"version-history":[{"count":1,"href":"https:\/\/colimdo.org\/wp-api\/wp\/v2\/posts\/54493\/revisions"}],"predecessor-version":[{"id":54495,"href":"https:\/\/colimdo.org\/wp-api\/wp\/v2\/posts\/54493\/revisions\/54495"}],"wp:featuredmedia":[{"embeddable":true,"href":"https:\/\/colimdo.org\/wp-api\/wp\/v2\/media\/54494"}],"wp:attachment":[{"href":"https:\/\/colimdo.org\/wp-api\/wp\/v2\/media?parent=54493"}],"wp:term":[{"taxonomy":"category","embeddable":true,"href":"https:\/\/colimdo.org\/wp-api\/wp\/v2\/categories?post=54493"},{"taxonomy":"post_tag","embeddable":true,"href":"https:\/\/colimdo.org\/wp-api\/wp\/v2\/tags?post=54493"}],"curies":[{"name":"wp","href":"https:\/\/api.w.org\/{rel}","templated":true}]}}