{"id":54516,"date":"2019-05-29T14:15:22","date_gmt":"2019-05-29T14:15:22","guid":{"rendered":"https:\/\/colimdo.org\/?p=54516"},"modified":"2019-05-29T14:15:22","modified_gmt":"2019-05-29T14:15:22","slug":"admiradores-lauda-desafian-la-lluvia-viena-despedir-al-fallecido-piloto","status":"publish","type":"post","link":"https:\/\/colimdo.org\/noticias\/admiradores-lauda-desafian-la-lluvia-viena-despedir-al-fallecido-piloto\/","title":{"rendered":"Admiradores de Lauda desaf\u00edan la lluvia de Viena para despedir al fallecido piloto"},"content":{"rendered":"<p class=\"canvas-atom canvas-text Mb(1.0em) Mb(0)--sm Mt(0.8em)--sm\" data-reactid=\"40\">VIENA, 29 mayo (Reuters) &#8211; Miles de aficionados desafiaron el mi\u00e9rcoles una fuerte lluvia para presentar sus \u00faltimos respetos al fallecido piloto Niki Lauda en Viena, su ciudad natal, donde se reunieron varias estrellas de la F\u00f3rmula Uno y autoridades pol\u00edticas.<\/p>\n<p class=\"canvas-atom canvas-text Mb(1.0em) Mb(0)--sm Mt(0.8em)--sm\" data-reactid=\"41\">El tricampe\u00f3n del mundo, recordado por su regreso a las pistas despu\u00e9s de un accidente ocurrido en 1976 que lo dej\u00f3 con graves quemaduras y lo marc\u00f3 de por vida, muri\u00f3 la semana pasada a los 70 a\u00f1os.<\/p>\n<p class=\"canvas-atom canvas-text Mb(1.0em) Mb(0)--sm Mt(0.8em)--sm\" data-reactid=\"42\">Familiares de Lauda acompa\u00f1aron el f\u00e9retro con los restos del piloto rumbo a una catedral de estilo g\u00f3tico la ma\u00f1ana del mi\u00e9rcoles. Su esposa Birgit y dos de sus hijos colocaron el casco rojo y blanco de Lauda en su ata\u00fad.<\/p>\n<p class=\"canvas-atom canvas-text Mb(1.0em) Mb(0)--sm Mt(0.8em)--sm\" data-reactid=\"43\">Posteriormente, los aficionados hicieron largas filas para pasar frente al ata\u00fad, el cual estaba flanqueado por velas y coronas de flores en el centro de la catedral.<\/p>\n<p class=\"canvas-atom canvas-text Mb(1.0em) Mb(0)--sm Mt(0.8em)--sm\" data-reactid=\"44\">&#8220;Era Niki, nuestro h\u00e9roe nacional, nuestro \u00edcono&#8221;, dijo una afligida admiradora del piloto. &#8220;Nunca he hecho algo como esto (&#8230;) pero espero que descanse en paz. Se lo merece&#8221;.<\/p>\n<p class=\"canvas-atom canvas-text Mb(1.0em) Mb(0)--sm Mt(0.8em)--sm\" data-reactid=\"45\">Despu\u00e9s de varias horas, las puertas de la catedral se cerraron y los aficionados se congregaron en las afueras, detr\u00e1s de las barreras policiales.<\/p>\n<p class=\"canvas-atom canvas-text Mb(1.0em) Mb(0)--sm Mt(0.8em)--sm\" data-reactid=\"46\">Aproximadamente 500 invitados asistieron a una misa de r\u00e9quiem, donde seg\u00fan la Arquidi\u00f3cesis de Viena, Alain Prost, excompa\u00f1ero de equipo de Lauda en McLaren, leer\u00eda un pasaje del Antiguo Testamento.<\/p>\n<p class=\"canvas-atom canvas-text Mb(1.0em) Mb(0)--sm Mt(0.8em)--sm\" data-reactid=\"47\">Lewis Hamilton, cinco veces campe\u00f3n del mundo de F1 y quien luci\u00f3 en su victoria el domingo en el Gran Premio de M\u00f3naco un casco con el nombre de Lauda, \u200b\u200btambi\u00e9n fue parte de la ceremonia.<\/p>\n<p class=\"canvas-atom canvas-text Mb(1.0em) Mb(0)--sm Mt(0.8em)--sm\" data-reactid=\"48\">El expiloto Gerhard Berger, el actor Arnold Schwarzenegger y dos pol\u00edticos austriacos de alto rango -el presidente Alexander Van der Bellen y el recientemente destituido canciller Sebastian Kurz- dar\u00edan breves discursos al final del servicio religioso.<\/p>\n<p class=\"canvas-atom canvas-text Mb(1.0em) Mb(0)--sm Mt(0.8em)--sm\" data-reactid=\"49\">Lauda ser\u00e1 sepultado en una ceremonia privada m\u00e1s tarde en el d\u00eda.<\/p>\n","protected":false},"excerpt":{"rendered":"<p>El tricampe\u00f3n del mundo, recordado por su regreso a las pistas despu\u00e9s de un accidente ocurrido en 1976 que lo dej\u00f3 con graves quemaduras y lo marc\u00f3 de por vida, muri\u00f3 la semana pasada a los 70 a\u00f1os.<\/p>\n","protected":false},"author":16,"featured_media":54517,"comment_status":"closed","ping_status":"closed","sticky":false,"template":"","format":"standard","meta":[],"categories":[2,60],"tags":[],"acf":[],"_links":{"self":[{"href":"https:\/\/colimdo.org\/wp-api\/wp\/v2\/posts\/54516"}],"collection":[{"href":"https:\/\/colimdo.org\/wp-api\/wp\/v2\/posts"}],"about":[{"href":"https:\/\/colimdo.org\/wp-api\/wp\/v2\/types\/post"}],"author":[{"embeddable":true,"href":"https:\/\/colimdo.org\/wp-api\/wp\/v2\/users\/16"}],"replies":[{"embeddable":true,"href":"https:\/\/colimdo.org\/wp-api\/wp\/v2\/comments?post=54516"}],"version-history":[{"count":1,"href":"https:\/\/colimdo.org\/wp-api\/wp\/v2\/posts\/54516\/revisions"}],"predecessor-version":[{"id":54518,"href":"https:\/\/colimdo.org\/wp-api\/wp\/v2\/posts\/54516\/revisions\/54518"}],"wp:featuredmedia":[{"embeddable":true,"href":"https:\/\/colimdo.org\/wp-api\/wp\/v2\/media\/54517"}],"wp:attachment":[{"href":"https:\/\/colimdo.org\/wp-api\/wp\/v2\/media?parent=54516"}],"wp:term":[{"taxonomy":"category","embeddable":true,"href":"https:\/\/colimdo.org\/wp-api\/wp\/v2\/categories?post=54516"},{"taxonomy":"post_tag","embeddable":true,"href":"https:\/\/colimdo.org\/wp-api\/wp\/v2\/tags?post=54516"}],"curies":[{"name":"wp","href":"https:\/\/api.w.org\/{rel}","templated":true}]}}