{"id":54519,"date":"2019-05-29T14:19:42","date_gmt":"2019-05-29T14:19:42","guid":{"rendered":"https:\/\/colimdo.org\/?p=54519"},"modified":"2019-05-29T14:19:42","modified_gmt":"2019-05-29T14:19:42","slug":"rafael-nadal-mantiene-paso-firme-roland-garros","status":"publish","type":"post","link":"https:\/\/colimdo.org\/noticias\/rafael-nadal-mantiene-paso-firme-roland-garros\/","title":{"rendered":"Rafael Nadal mantiene su paso firme en Roland Garros"},"content":{"rendered":"<p class=\"canvas-atom canvas-text Mb(1.0em) Mb(0)--sm Mt(0.8em)--sm\">Par\u00eds, 29 may (EFE).- El espa\u00f1ol Rafael Nadal, n\u00famero 2 del mundo, mantuvo este mi\u00e9rcoles su paso firme en Roland Garros, donde se clasific\u00f3 para la tercera ronda al derrotar al alem\u00e1n Yannick Maden, 114 del mundo, de 29 a\u00f1os y procedente de la fase previa, por 6-1, 6-2 y 6-4 en dos horas y nueve minutos.<\/p>\n<p class=\"canvas-atom canvas-text Mb(1.0em) Mb(0)--sm Mt(0.8em)--sm\">Nadal se medir\u00e1 por un puesto en octavos de final contra el belga David Goffin, favorito 27, verdugo del serbio Miomir Kecmanovic por 6-2, 6-4 y 6-3.<\/p>\n<p class=\"canvas-atom canvas-text Mb(1.0em) Mb(0)--sm Mt(0.8em)--sm\">Era la octava vez que el espa\u00f1ol se med\u00eda contra un rival procedente de la previa en Roland Garros y, como en todas las anteriores, solucion\u00f3 el compromiso sin ceder un parcial.<\/p>\n<p class=\"canvas-atom canvas-text Mb(1.0em) Mb(0)--sm Mt(0.8em)--sm\">En busca de su duod\u00e9cimo t\u00edtulo en Par\u00eds, el defensor del t\u00edtulo sum\u00f3 su triunfo 88, con un tenis muy s\u00f3lido hasta la manga final, cuando se dej\u00f3 arrebatar el servicio en dos ocasiones, aunque el balear lo solucion\u00f3 rob\u00e1ndolo tres veces.<\/p>\n<p class=\"canvas-atom canvas-text Mb(1.0em) Mb(0)--sm Mt(0.8em)--sm\">Los siete juegos cedidos este mi\u00e9rcoles, sumados a los seis de su debut contra el tambi\u00e9n germano Yannick Hanfmann, hacen que empate su cuarto mejor inicio de la quincena en la tierra batida parisiense.<\/p>\n<p class=\"canvas-atom canvas-text Mb(1.0em) Mb(0)--sm Mt(0.8em)--sm\">Todav\u00eda sobre la pista, Nadal reconoci\u00f3 que en el tramo final levant\u00f3 el pie del acelerador y que su rival ven\u00eda con una buena din\u00e1mica tras haber ganado cuatro duelos, los tres de la previa y la primera ronda frente al belga Kimmer Coppejans.<\/p>\n<p class=\"canvas-atom canvas-text Mb(1.0em) Mb(0)--sm Mt(0.8em)--sm\">&#8220;Es un buen jugador, en Roland Garros ha ganado ya cuatro partidos, ha llegado con una gran confianza&#8221;, dijo.<\/p>\n<p class=\"canvas-atom canvas-text Mb(1.0em) Mb(0)--sm Mt(0.8em)--sm\">Tambi\u00e9n se refiri\u00f3 a su paso por la pista Suzanne Lenglen, la segunda en importancia, donde fue programado el partido.<\/p>\n<p class=\"canvas-atom canvas-text Mb(1.0em) Mb(0)--sm Mt(0.8em)--sm\">&#8220;Para mi es una victoria importante, estoy muy contento de volver a la Lenglen, sigue siendo incre\u00edble cada partido aqu\u00ed en Roland Garros&#8221;, dijo.<\/p>\n<p class=\"canvas-atom canvas-text Mb(1.0em) Mb(0)--sm Mt(0.8em)--sm\">Asegur\u00f3 que la central es &#8220;la pista m\u00e1s importante&#8221; de su carrera, pero en la segunda en importancia, de 10.000 asientos, &#8220;el p\u00fablico est\u00e1 m\u00e1s cerca y se hace muy agradable&#8221;.<\/p>\n<p class=\"canvas-atom canvas-text Mb(1.0em) Mb(0)--sm Mt(0.8em)--sm\">Contra Goffin afrontar\u00e1 un rival en horas bajas, que no le ha ganado nunca sobre tierra batida. En cuatro duelos, el belga solo ha ganado uno, disputado sobre pista dura del torneo de Maestros en 2017, en el que el espa\u00f1ol acab\u00f3 lesionado.<\/p>\n","protected":false},"excerpt":{"rendered":"<p>Nadal se medir\u00e1 por un puesto en octavos de final contra el belga David Goffin, favorito 27, verdugo del serbio Miomir Kecmanovic por 6-2, 6-4 y 6-3.<\/p>\n","protected":false},"author":16,"featured_media":54520,"comment_status":"closed","ping_status":"closed","sticky":false,"template":"","format":"standard","meta":[],"categories":[2,60],"tags":[],"acf":[],"_links":{"self":[{"href":"https:\/\/colimdo.org\/wp-api\/wp\/v2\/posts\/54519"}],"collection":[{"href":"https:\/\/colimdo.org\/wp-api\/wp\/v2\/posts"}],"about":[{"href":"https:\/\/colimdo.org\/wp-api\/wp\/v2\/types\/post"}],"author":[{"embeddable":true,"href":"https:\/\/colimdo.org\/wp-api\/wp\/v2\/users\/16"}],"replies":[{"embeddable":true,"href":"https:\/\/colimdo.org\/wp-api\/wp\/v2\/comments?post=54519"}],"version-history":[{"count":1,"href":"https:\/\/colimdo.org\/wp-api\/wp\/v2\/posts\/54519\/revisions"}],"predecessor-version":[{"id":54521,"href":"https:\/\/colimdo.org\/wp-api\/wp\/v2\/posts\/54519\/revisions\/54521"}],"wp:featuredmedia":[{"embeddable":true,"href":"https:\/\/colimdo.org\/wp-api\/wp\/v2\/media\/54520"}],"wp:attachment":[{"href":"https:\/\/colimdo.org\/wp-api\/wp\/v2\/media?parent=54519"}],"wp:term":[{"taxonomy":"category","embeddable":true,"href":"https:\/\/colimdo.org\/wp-api\/wp\/v2\/categories?post=54519"},{"taxonomy":"post_tag","embeddable":true,"href":"https:\/\/colimdo.org\/wp-api\/wp\/v2\/tags?post=54519"}],"curies":[{"name":"wp","href":"https:\/\/api.w.org\/{rel}","templated":true}]}}