{"id":54522,"date":"2019-05-29T14:25:33","date_gmt":"2019-05-29T14:25:33","guid":{"rendered":"https:\/\/colimdo.org\/?p=54522"},"modified":"2019-05-29T14:25:33","modified_gmt":"2019-05-29T14:25:33","slug":"impartiran-seminario-periodistas-dirigentes-deportivos","status":"publish","type":"post","link":"https:\/\/colimdo.org\/noticias\/impartiran-seminario-periodistas-dirigentes-deportivos\/","title":{"rendered":"Impartir\u00e1n seminario para  periodistas y dirigentes deportivos"},"content":{"rendered":"<p>SANTO DOMINGO.- El periodista Mario Emilio Guerrero impartir\u00e1 el seminario Relaci\u00f3n entre los medios de comunicaciones y las organizaciones deportivas, el s\u00e1bado 8 del pr\u00f3ximo mes de junio, en el sal\u00f3n de actos del Comit\u00e9 Ol\u00edmpico Dominicano.<\/p>\n<p>El curso tendr\u00e1 una duraci\u00f3n de seis horas y se celebrar\u00e1 de 9.00 de la ma\u00f1ana a 12:00 del mediod\u00eda y de 1:00 a 4:00 de la tarde.<\/p>\n<p>El seminario est\u00e1 dirigido a cronistas y dirigentes deportivos, en el que tambi\u00e9n pueden incursionar estudiantes de periodismo.<\/p>\n<p>Los interesados en participar en el curso deben escribir al correo\u00a0megkrantz@hotmail.com\u00a0y recibir\u00e1n el formulario de inscripci\u00f3n.<\/p>\n<p>El evento tiene como objetivo concienciar a los dirigentes y periodistas deportivos de la importancia de los medios de comunicaci\u00f3n, ense\u00f1ar a los dirigentes a trabajar con los medios de informaci\u00f3n y sacar ventajas de su relaci\u00f3n con estos, y\u00a0\u00a0exponer a los periodistas la importancia de su labor en una organizaci\u00f3n deportiva y las herramientas con que cuentan para realizar un trabajo eficiente.<\/p>\n<p>Los principales temas a desarrollarse en la actividad son, la funci\u00f3n del responsable de prensa de la organizaci\u00f3n deportiva para los medios de comunicaci\u00f3n, el comunicado o nota de prensa para los medios de comunicaci\u00f3n, la conferencia de prensa, comentarios sobre las relaciones con los medios de comunicaci\u00f3n y c\u00f3mo evaluar las actividades relacionadas con los mismos.<\/p>\n<p>El seminario cuenta con el aval del Comit\u00e9 Ol\u00edmpico Dominicano (COD) y la Asociaci\u00f3n de Cronistas Deportivos (ACD).<\/p>\n<p>Guerrero es un periodista deportivo con m\u00e1s de 45 a\u00f1os de experiencia. Ha sido productor de programas de radio y televisi\u00f3n, tiene una amplia experiencia como director de comunicaciones de equipos profesionales de b\u00e9isbol y baloncesto, y como director de prensa y relaciones p\u00fablicas de eventos deportivos nacionales e internacionales.<\/p>\n<p>Ha sido presidente de la Federaci\u00f3n Dominicana de Tenis y de la ACD,\u00a0actualmente es columnista del peri\u00f3dico List\u00edn Diario y produce el programa Protagonistas, a trav\u00e9s del canal CDN SportsMax.<\/p>\n","protected":false},"excerpt":{"rendered":"<p>El curso tendr\u00e1 una duraci\u00f3n de seis horas y se celebrar\u00e1 de 9.00 de la ma\u00f1ana a 12:00 del mediod\u00eda y de 1:00 a 4:00 de la tarde.<\/p>\n","protected":false},"author":16,"featured_media":54523,"comment_status":"closed","ping_status":"closed","sticky":false,"template":"","format":"standard","meta":[],"categories":[2,60],"tags":[],"acf":[],"_links":{"self":[{"href":"https:\/\/colimdo.org\/wp-api\/wp\/v2\/posts\/54522"}],"collection":[{"href":"https:\/\/colimdo.org\/wp-api\/wp\/v2\/posts"}],"about":[{"href":"https:\/\/colimdo.org\/wp-api\/wp\/v2\/types\/post"}],"author":[{"embeddable":true,"href":"https:\/\/colimdo.org\/wp-api\/wp\/v2\/users\/16"}],"replies":[{"embeddable":true,"href":"https:\/\/colimdo.org\/wp-api\/wp\/v2\/comments?post=54522"}],"version-history":[{"count":2,"href":"https:\/\/colimdo.org\/wp-api\/wp\/v2\/posts\/54522\/revisions"}],"predecessor-version":[{"id":54525,"href":"https:\/\/colimdo.org\/wp-api\/wp\/v2\/posts\/54522\/revisions\/54525"}],"wp:featuredmedia":[{"embeddable":true,"href":"https:\/\/colimdo.org\/wp-api\/wp\/v2\/media\/54523"}],"wp:attachment":[{"href":"https:\/\/colimdo.org\/wp-api\/wp\/v2\/media?parent=54522"}],"wp:term":[{"taxonomy":"category","embeddable":true,"href":"https:\/\/colimdo.org\/wp-api\/wp\/v2\/categories?post=54522"},{"taxonomy":"post_tag","embeddable":true,"href":"https:\/\/colimdo.org\/wp-api\/wp\/v2\/tags?post=54522"}],"curies":[{"name":"wp","href":"https:\/\/api.w.org\/{rel}","templated":true}]}}