{"id":54533,"date":"2019-05-29T14:49:29","date_gmt":"2019-05-29T14:49:29","guid":{"rendered":"https:\/\/colimdo.org\/?p=54533"},"modified":"2019-05-29T14:49:29","modified_gmt":"2019-05-29T14:49:29","slug":"juan-nunez-asumira-presidencia-fedobe-tras-fallecimiento-tito-pereyra","status":"publish","type":"post","link":"https:\/\/colimdo.org\/noticias\/juan-nunez-asumira-presidencia-fedobe-tras-fallecimiento-tito-pereyra\/","title":{"rendered":"Juan N\u00fa\u00f1ez asumir\u00e1 presidencia Fedobe tras fallecimiento Tito Pereyra"},"content":{"rendered":"<p>EL NUEVO DIARIO, SANTO DOMINGO.- El deportista Juan N\u00fa\u00f1ez asumir\u00e1 como nuevo presidente de la Federaci\u00f3n Dominicana de B\u00e9isbol Fedobe, tras la muerte repentina de H\u00e9ctor \u2013Tito- Pereyra.<\/p>\n<p>La informaci\u00f3n la suministr\u00f3 el propio N\u00fa\u00f1ez el marte, para de esa manera despejar dudas, ya que era el secretario actual de la Fedobe.<\/p>\n<p>N\u00fa\u00f1ez, nativo de La Vega lleg\u00f3 como secretario a la Fedobe de la mano del Pereyra, el 19 de marzo del 1993.<\/p>\n<p>\u201cSeg\u00fan los estatutos de la Fedobe, en el caso que nos ocupa, tras el fallecimiento lamentable de Tito (Pereyra), el secretario asume el cargo hasta completar el periodo\u201d, explica N\u00fa\u00f1ez.<\/p>\n<p>\u201cNuestro Comit\u00e9 Ejecutivo por unanimidad hace un tiempo escogi\u00f3 al secretario como segundo al mando porque es la persona que estaba m\u00e1s de lleno y centralizado en la instituci\u00f3n\u201d, observa. \u201cEl secretario general es quien est\u00e1 m\u00e1s ligado y vinculado al presidente\u201d, a\u00f1ade.<\/p>\n<p>\u201cTito le hab\u00eda comunicado al ministro de Deportes, Danilo D\u00edaz y al presidente del Comit\u00e9 Ol\u00edmpico Dominicano, Lu\u00eds Mej\u00eda Oviedo d\u00e1ndome todos los poderes, ya que desde un tiempo estaba aquejado de salud\u201d, sostuvo.<\/p>\n<p>Coment\u00f3 v\u00eda telef\u00f3nica que esa carta fue aprobada por el Comit\u00e9 Ejecutivo de la instituci\u00f3n.<\/p>\n<p>\u201cTendremos una asamblea m\u00e1s adelante para decidir la situaci\u00f3n sobre el secretario general y el secretario de organizaci\u00f3n. Todo ser\u00e1 en paz y armon\u00eda, nosotros somos una familia en la Fedobe\u201d, aclara.<\/p>\n<p>Pereyra fue reelecto un\u00e1nime por las 32 asociaciones que conforman la Fedobe en junio del a\u00f1o pasado, por lo que ten\u00eda 11 meses reelecto. Ten\u00eda 25 a\u00f1os presidiendo la instituci\u00f3n.<\/p>\n<p>Tito falleci\u00f3 la noche del jueves pasado tras un infarto fulminante.<\/p>\n<p>El comit\u00e9 ejecutivo de la Fedobe est\u00e1 compuesto por Jos\u00e9 Can\u00f3, Eriberto Then y Juli\u00e1n de Le\u00f3n como primer, segundo y tercer vicepresidentes.<\/p>\n<p>Asimismo, N\u00fa\u00f1ez, secretario general; Arturo Brito M\u00e9ndez, tesorero; V\u00edctor V\u00e1zquez, Medio Ambiente; Bruno Terrero, Internacionales; Eligna Rodr\u00edguez Pe\u00f1a, secretaria de la Mujer. Tambi\u00e9n los vocales, Sandy Lara, F\u00e9lix Reynoso y Eduardo Phipps.<\/p>\n<p>Jos\u00e9 Manuel Serrata, quien era el secretario de organizaci\u00f3n muri\u00f3 en enero pasado<\/p>\n","protected":false},"excerpt":{"rendered":"<p>La informaci\u00f3n la suministr\u00f3 el propio N\u00fa\u00f1ez el marte, para de esa manera despejar dudas, ya que era el secretario actual de la Fedobe.<\/p>\n","protected":false},"author":16,"featured_media":54534,"comment_status":"closed","ping_status":"closed","sticky":false,"template":"","format":"standard","meta":[],"categories":[2,60],"tags":[],"acf":[],"_links":{"self":[{"href":"https:\/\/colimdo.org\/wp-api\/wp\/v2\/posts\/54533"}],"collection":[{"href":"https:\/\/colimdo.org\/wp-api\/wp\/v2\/posts"}],"about":[{"href":"https:\/\/colimdo.org\/wp-api\/wp\/v2\/types\/post"}],"author":[{"embeddable":true,"href":"https:\/\/colimdo.org\/wp-api\/wp\/v2\/users\/16"}],"replies":[{"embeddable":true,"href":"https:\/\/colimdo.org\/wp-api\/wp\/v2\/comments?post=54533"}],"version-history":[{"count":1,"href":"https:\/\/colimdo.org\/wp-api\/wp\/v2\/posts\/54533\/revisions"}],"predecessor-version":[{"id":54535,"href":"https:\/\/colimdo.org\/wp-api\/wp\/v2\/posts\/54533\/revisions\/54535"}],"wp:featuredmedia":[{"embeddable":true,"href":"https:\/\/colimdo.org\/wp-api\/wp\/v2\/media\/54534"}],"wp:attachment":[{"href":"https:\/\/colimdo.org\/wp-api\/wp\/v2\/media?parent=54533"}],"wp:term":[{"taxonomy":"category","embeddable":true,"href":"https:\/\/colimdo.org\/wp-api\/wp\/v2\/categories?post=54533"},{"taxonomy":"post_tag","embeddable":true,"href":"https:\/\/colimdo.org\/wp-api\/wp\/v2\/tags?post=54533"}],"curies":[{"name":"wp","href":"https:\/\/api.w.org\/{rel}","templated":true}]}}