{"id":54539,"date":"2019-05-29T15:03:13","date_gmt":"2019-05-29T15:03:13","guid":{"rendered":"https:\/\/colimdo.org\/?p=54539"},"modified":"2019-05-29T15:06:47","modified_gmt":"2019-05-29T15:06:47","slug":"federacion-atletismo-iniciara-este-jueves-campeonato-nacional-superior","status":"publish","type":"post","link":"https:\/\/colimdo.org\/noticias\/federacion-atletismo-iniciara-este-jueves-campeonato-nacional-superior\/","title":{"rendered":"Federaci\u00f3n de Atletismo iniciar\u00e1 este jueves su Campeonato Nacional Superior"},"content":{"rendered":"<p class=\"x_MsoNormal\"><b><span lang=\"ES-DO\">SANTO DOMINGO.<\/span><\/b><span lang=\"ES-DO\">\u00a0La Federaci\u00f3n Dominicana de Asociaciones de Atletismo celebrar\u00e1 el Campeonato Nacional Superior, comenzando este jueves en Santo Domingo.<\/span><\/p>\n<p class=\"x_MsoNormal\"><span lang=\"ES-DO\">La justa est\u00e1 dedicada al director del colegio San Judas Tadeo, reverendo Eulogio Casta\u00f1os Hern\u00e1ndez, en reconocimiento a los grandes aportes al deporte nacional, en particular al atletismo.<\/span><\/p>\n<p class=\"x_MsoNormal\"><span lang=\"ES-DO\">El presidente de la Federaci\u00f3n de Atletismo, Gerardo Suero Correa, indic\u00f3 que el campeonato tendr\u00e1 la particularidad de que los atletas buscar\u00e1n hacer las marcas m\u00ednimas que les permitan clasificar a cuatro eventos internacionales, incluyendo los Juegos Panamericanos de Lima 2019 (Per\u00fa) y los Mundiales de Atletismo de Doha, Qatar, este mismo a\u00f1o.<\/span><\/p>\n<p class=\"x_MsoNormal\"><span lang=\"ES-DO\">El certamen culminar\u00e1 el s\u00e1bado y se celebrar\u00e1 en la pista Alberto Torre de La Mota del estadio F\u00e9lix S\u00e1nchez, del Centro Ol\u00edmpico Juan Pablo Duarte.<\/span><\/p>\n<p class=\"x_MsoNormal\"><span lang=\"ES-DO\">Suero Correa indic\u00f3 que las competencias iniciar\u00e1 el jueves con la final de los 400 metros con vallas y la ceremonia de inauguraci\u00f3n a las 5:30 de la tarde, con la presencia de las m\u00e1ximas autoridades del deporte, encabezadas por el ministro de Deportes, Danilo D\u00edaz y el presidente del Comit\u00e9 Ol\u00edmpico Dominicano, Luis\u00edn Mej\u00eda.<\/span><\/p>\n<p class=\"x_MsoNormal\"><span lang=\"ES-DO\">Dijo que los mejores 350 atletas de 31 asociaciones provinciales buscar\u00e1n clasificar a los Panamericanos de Lima, que se efectuar\u00e1n del 26 de julio al 11 de agosto; a los Mundiales de Doha, con fecha del 26 de septiembre al 7 de agosto.<\/span><\/p>\n<p class=\"x_MsoNormal\"><span lang=\"ES-DO\">Suero explic\u00f3 que ir\u00e1n tras las marcas para el Grand Prix de Cali, Colombia, que se realizar\u00e1 el 18 de junio, y al Campeonato Norte, Centroamericano y del Caribe (NACAC) Sub-23, que tendr\u00e1 lugar el pr\u00f3ximo mes en Quer\u00e9taro, M\u00e9xico.<\/span><\/p>\n<p class=\"x_MsoNormal\"><span lang=\"ES-DO\">Dijo que los mejores exponentes y los nuevos relevos del atletismo dominicano competir\u00e1n en el campeonato representando a sus respectivas provincias y regiones. Entre las grandes figuras cit\u00f3 al medallista de plata ol\u00edmpico en Londres 2012 en 400 metros planos, Luguel\u00edn Santos, a sus hermanos Juander y Juan Aroldis Santos, FiordalizaCofil, Ana Tim\u00e1, Marileidy Paulino, Lidio F\u00e9liz, Mayobanex De \u00d3leo, Anabel Medina, Milagros Dur\u00e1n, Leonel Bon\u00f3n, Andito Charles, Christopher Valdez, Stanly Del Carmen, Yancarlos Mart\u00ednez, Yohandris And\u00fajar, entre otros.<\/span><\/p>\n<p class=\"x_MsoNormal\"><span lang=\"ES-DO\">El m\u00e1ximo jefe del atletismo nacional indic\u00f3 que el campeonato tiene el respaldo total del Ministerio de Deportes, a trav\u00e9s de los fondos de Lima 2019.\u00a0\u00a0<\/span><\/p>\n<p class=\"x_MsoNormal\"><span lang=\"ES-DO\">Record\u00f3 que los 350 atletas que viajar\u00e1n a la capital dominicana para competir en el evento fueron los que clasificaron en los respectivos torneos regionales que se realizaron desde enero pasado hasta la segunda semana de este mes.<\/span><\/p>\n<p class=\"x_MsoNormal\"><span lang=\"ES-DO\">\u201cCelebraremos un torneo de mucho nivel t\u00e9cnico, pero sobre todo competitivo por el inter\u00e9s que tendr\u00e1n los atletas de clasificar a m\u00e1s de uno de los eventos internacionales a los que asistir\u00e1 el pa\u00eds en los pr\u00f3ximos meses\u201d, acot\u00f3 Gerardo Suero.<\/span><\/p>\n<p class=\"x_MsoNormal\"><b><span lang=\"ES-DO\">Tres finales el jueves<\/span><\/b><\/p>\n<p class=\"x_MsoNormal\"><span lang=\"ES-DO\">Suero Correa, quien fungir\u00e1 como director general del torneo, dijo que el jueves se correr\u00e1n las finales en 100 metros masculino y femenino, 400 con vallas en varones, salto largo e impulso de la bala (ambas en mujeres), las semifinales y finales en 400m lisos.<\/span><\/p>\n<p class=\"x_MsoNormal\"><span lang=\"ES-DO\">De igual forma, las finales en 5,000 metros planos (femenino), impulso de la bala y salto largo (masculino).<\/span><\/p>\n<p class=\"x_MsoNormal\"><span lang=\"ES-DO\">De su lado, la directora t\u00e9cnica Belkis Ma\u00f1\u00f3n inform\u00f3 que las competencias matutinas desde el viernes se realizar\u00e1n de las 6:00 a 11:00 de la ma\u00f1ana, seguido de dos horas de receso y reanudaci\u00f3n de las pruebas a la 1:00 de la tarde hasta entrada la noche.<\/span><\/p>\n","protected":false},"excerpt":{"rendered":"<p>La justa est\u00e1 dedicada al director del colegio San Judas Tadeo, reverendo Eulogio Casta\u00f1os Hern\u00e1ndez, en reconocimiento a los grandes aportes al deporte nacional, en particular al atletismo.<\/p>\n","protected":false},"author":16,"featured_media":54540,"comment_status":"closed","ping_status":"closed","sticky":false,"template":"","format":"standard","meta":[],"categories":[2,60],"tags":[],"acf":[],"_links":{"self":[{"href":"https:\/\/colimdo.org\/wp-api\/wp\/v2\/posts\/54539"}],"collection":[{"href":"https:\/\/colimdo.org\/wp-api\/wp\/v2\/posts"}],"about":[{"href":"https:\/\/colimdo.org\/wp-api\/wp\/v2\/types\/post"}],"author":[{"embeddable":true,"href":"https:\/\/colimdo.org\/wp-api\/wp\/v2\/users\/16"}],"replies":[{"embeddable":true,"href":"https:\/\/colimdo.org\/wp-api\/wp\/v2\/comments?post=54539"}],"version-history":[{"count":1,"href":"https:\/\/colimdo.org\/wp-api\/wp\/v2\/posts\/54539\/revisions"}],"predecessor-version":[{"id":54541,"href":"https:\/\/colimdo.org\/wp-api\/wp\/v2\/posts\/54539\/revisions\/54541"}],"wp:featuredmedia":[{"embeddable":true,"href":"https:\/\/colimdo.org\/wp-api\/wp\/v2\/media\/54540"}],"wp:attachment":[{"href":"https:\/\/colimdo.org\/wp-api\/wp\/v2\/media?parent=54539"}],"wp:term":[{"taxonomy":"category","embeddable":true,"href":"https:\/\/colimdo.org\/wp-api\/wp\/v2\/categories?post=54539"},{"taxonomy":"post_tag","embeddable":true,"href":"https:\/\/colimdo.org\/wp-api\/wp\/v2\/tags?post=54539"}],"curies":[{"name":"wp","href":"https:\/\/api.w.org\/{rel}","templated":true}]}}