{"id":54545,"date":"2019-05-29T17:55:16","date_gmt":"2019-05-29T17:55:16","guid":{"rendered":"https:\/\/colimdo.org\/?p=54545"},"modified":"2019-05-29T17:55:16","modified_gmt":"2019-05-29T17:55:16","slug":"jorge-mejia-sera-instructor-bateo-del-escogido","status":"publish","type":"post","link":"https:\/\/colimdo.org\/noticias\/jorge-mejia-sera-instructor-bateo-del-escogido\/","title":{"rendered":"Jorge Mej\u00eda ser\u00e1 el instructor de bateo del Escogido"},"content":{"rendered":"<p class=\"x_MsoNormal\"><b><span lang=\"ES-TRAD\">SANTO DOMINGO.-<\/span><\/b><span lang=\"ES-TRAD\">\u00a0La gerencia de Operaciones de los Leones del Escogido inform\u00f3 este mi\u00e9rcoles que Jorge Mej\u00eda ser\u00e1 el instructor de bateo del equipo, para la temporada 2019-20 de la LIDOM que iniciar\u00e1 el pr\u00f3ximo 12 de octubre.<\/span><\/p>\n<p class=\"x_MsoNormal\"><span lang=\"ES-TRAD\">Actualmente Mej\u00eda desempe\u00f1a el mismo cargo en las ligas menores de los Nacionales de Washington, espec\u00edficamente en el conjunto que participa en la Gulf Coast League.<\/span><\/p>\n<p class=\"x_MsoNormal\"><span lang=\"ES-TRAD\">Est\u00e1 con los GCL Nationals desde el 2014, pero antes se desempe\u00f1\u00f3 como hitting coach de la misma organizaci\u00f3n en la Dominican Summer League del 2012 al 2013.<\/span><\/p>\n<p class=\"x_MsoNormal\"><span lang=\"ES-TRAD\">En su trayectoria con los Nacionales, Mej\u00eda ha participado en el desarrollo de jugadores j\u00f3venes estelares como V\u00edctor Robles, Luis Garc\u00eda y Juan Soto, lo que le ha permitido impactar directamente la organizaci\u00f3n.<\/span><\/p>\n<p class=\"x_MsoNormal\"><span lang=\"ES-TRAD\">\u201cVendr\u00e1 con la encomienda de trabajar de la mano con el resto del cuerpo t\u00e9cnico y nuestro personal de anal\u00edtica y video, en la b\u00fasqueda de mejorar nuestra ofensiva que tanto batall\u00f3 la temporada pasada con la falta de un buen porcentaje de embasarse y bateo oportuno\u201d, manifest\u00f3 el gerente general Jos\u00e9 G\u00f3mez Fr\u00edas.<\/span><\/p>\n<p class=\"x_MsoNormal\"><span lang=\"ES-TRAD\">\u201c\u00c9l tiene experiencia suficiente de trabajar con jugadores de alto perfil y la reputaci\u00f3n de ayudar a hacer ajustes r\u00e1pidos\u201d, agreg\u00f3 el ejecutivo.<\/span><\/p>\n<p class=\"x_MsoNormal\"><span lang=\"ES-TRAD\">Mej\u00eda de 36 a\u00f1os de edad, originalmente fue firmado por los Atl\u00e9ticos de Oakland como jugador del cuadro y perteneci\u00f3 a la reserva nativa de las \u00c1guilas Cibae\u00f1as en la pelota oto\u00f1o-invernal dominicana.<\/span><\/p>\n<p class=\"x_MsoNormal\"><span lang=\"ES-TRAD\">El anuncio de Mej\u00eda es el tercero de importancia que realizan los Leones en cuanto a su cuerpo t\u00e9cnico. El pasado 27 de febrero se confirm\u00f3 que Jos\u00e9 Leger continuar\u00e1 como coach de banca, mientras que el 3 de abril se oficializ\u00f3 el nombramiento del estadounidense Jayce Tingler como dirigente. Tambi\u00e9n, el 30 de abril, Buck Britton fue anunciado como coach de control de calidad.<\/span><\/p>\n","protected":false},"excerpt":{"rendered":"<p>Actualmente Mej\u00eda desempe\u00f1a el mismo cargo en las ligas menores de los Nacionales de Washington, espec\u00edficamente en el conjunto que participa en la Gulf Coast League.<\/p>\n","protected":false},"author":16,"featured_media":54546,"comment_status":"closed","ping_status":"closed","sticky":false,"template":"","format":"standard","meta":[],"categories":[2,60],"tags":[],"acf":[],"_links":{"self":[{"href":"https:\/\/colimdo.org\/wp-api\/wp\/v2\/posts\/54545"}],"collection":[{"href":"https:\/\/colimdo.org\/wp-api\/wp\/v2\/posts"}],"about":[{"href":"https:\/\/colimdo.org\/wp-api\/wp\/v2\/types\/post"}],"author":[{"embeddable":true,"href":"https:\/\/colimdo.org\/wp-api\/wp\/v2\/users\/16"}],"replies":[{"embeddable":true,"href":"https:\/\/colimdo.org\/wp-api\/wp\/v2\/comments?post=54545"}],"version-history":[{"count":1,"href":"https:\/\/colimdo.org\/wp-api\/wp\/v2\/posts\/54545\/revisions"}],"predecessor-version":[{"id":54547,"href":"https:\/\/colimdo.org\/wp-api\/wp\/v2\/posts\/54545\/revisions\/54547"}],"wp:featuredmedia":[{"embeddable":true,"href":"https:\/\/colimdo.org\/wp-api\/wp\/v2\/media\/54546"}],"wp:attachment":[{"href":"https:\/\/colimdo.org\/wp-api\/wp\/v2\/media?parent=54545"}],"wp:term":[{"taxonomy":"category","embeddable":true,"href":"https:\/\/colimdo.org\/wp-api\/wp\/v2\/categories?post=54545"},{"taxonomy":"post_tag","embeddable":true,"href":"https:\/\/colimdo.org\/wp-api\/wp\/v2\/tags?post=54545"}],"curies":[{"name":"wp","href":"https:\/\/api.w.org\/{rel}","templated":true}]}}