{"id":54548,"date":"2019-05-29T18:01:35","date_gmt":"2019-05-29T18:01:35","guid":{"rendered":"https:\/\/colimdo.org\/?p=54548"},"modified":"2019-05-29T18:01:35","modified_gmt":"2019-05-29T18:01:35","slug":"puello-herrera-recibe-solicitud-cuba-ingresar-formalmente-cbpc","status":"publish","type":"post","link":"https:\/\/colimdo.org\/noticias\/puello-herrera-recibe-solicitud-cuba-ingresar-formalmente-cbpc\/","title":{"rendered":"Puello Herrera recibe solicitud de Cuba para ingresar formalmente a CBPC"},"content":{"rendered":"<p class=\"x_gmail-xmsonormal\">CBPC. El Comisionado de B\u00e9isbol Profesional del Caribe, licenciado Juan Francisco Puello, recibi\u00f3 este mi\u00e9rcoles 29 de mayo 2019 a una comitiva de la Federaci\u00f3n Cubana de B\u00e9isbol, quien procedi\u00f3 a entregarle \u00a0una carta formal de solicitud para ser admitido como Miembro\u00a0de la Confederaci\u00f3n de B\u00e9isbol Profesional del Caribe.<\/p>\n<p class=\"x_gmail-xmsonormal\">La solicitud fue recibida por el Comisionado de la Confederaci\u00f3n, licenciado Puello Herrera, en un encuentro \u00a0celebrado en las oficinas de la CBPC\u00a0\u00a0en Santo Domingo,\u00a0en el Distrito Nacional.<\/p>\n<p class=\"x_gmail-xmsonormal\">El Comisionado se comprometi\u00f3 a revisar el tema en forma prioritaria con los Presidentes de las Ligas Miembros as\u00ed como con MLB, pero augur\u00f3 que en esta ocasi\u00f3n el tema se ve\u00eda m\u00e1s viable que en ocasiones anteriores.<\/p>\n<p class=\"x_gmail-xmsonormal\">La comitiva de Cuba estuvo encabezada por su Presidente de la Liga de B\u00e9isbol de Cuba, Higinio V\u00e9lez, en compa\u00f1\u00eda del licenciado Ramiro Dom\u00ednguez, Director Jur\u00eddico del INDER (Instituto Nacional del Deporte Cuba), Lic. Yuniel Romero, Asesor Legal de la FCB.<\/p>\n<p class=\"x_gmail-xmsonormal\">Cuba, en su carta, agradece a CBPC y sus ligas miembros el que se hubiese admitido la participaci\u00f3n de Cuba como invitados en las Series del Caribe del 2014 al 2019, pero reiteran formalmente su petici\u00f3n a ser miembros plenos.<\/p>\n<p class=\"x_gmail-xmsonormal\">A continuaci\u00f3n\u00a0parte del texto\u00a0de la carta: \u201cMotiva esta misiva formalizar nuevamente nuestra solicitud de ingresar como Miembro pleno en esta prestigiosa organizaci\u00f3n. A tales efectos doy fe del cumplimiento de los requisitos establecidos en el art\u00edculo OCTAVO del Estatuto de la confederaci\u00f3n, as\u00ed como en las decisiones de la Asamblea que se refieren al tema en cuesti\u00f3n\u201d .<\/p>\n<p class=\"x_gmail-xmsonormal\">Ambas partes coincidieron en agendar una pr\u00f3xima reuni\u00f3n en La Habana, en una fecha por definir, en la cual las Ligas Miembro de la CBPC y la FCB puedan dar una resoluci\u00f3n al tema.<\/p>\n","protected":false},"excerpt":{"rendered":"<p>La solicitud fue recibida por el Comisionado de la Confederaci\u00f3n, licenciado Puello Herrera, en un encuentro \u00a0celebrado en las oficinas de la CBPC\u00a0\u00a0en Santo Domingo,\u00a0en el Distrito Nacional.<\/p>\n","protected":false},"author":16,"featured_media":54549,"comment_status":"closed","ping_status":"closed","sticky":false,"template":"","format":"standard","meta":[],"categories":[2,60],"tags":[],"acf":[],"_links":{"self":[{"href":"https:\/\/colimdo.org\/wp-api\/wp\/v2\/posts\/54548"}],"collection":[{"href":"https:\/\/colimdo.org\/wp-api\/wp\/v2\/posts"}],"about":[{"href":"https:\/\/colimdo.org\/wp-api\/wp\/v2\/types\/post"}],"author":[{"embeddable":true,"href":"https:\/\/colimdo.org\/wp-api\/wp\/v2\/users\/16"}],"replies":[{"embeddable":true,"href":"https:\/\/colimdo.org\/wp-api\/wp\/v2\/comments?post=54548"}],"version-history":[{"count":1,"href":"https:\/\/colimdo.org\/wp-api\/wp\/v2\/posts\/54548\/revisions"}],"predecessor-version":[{"id":54550,"href":"https:\/\/colimdo.org\/wp-api\/wp\/v2\/posts\/54548\/revisions\/54550"}],"wp:featuredmedia":[{"embeddable":true,"href":"https:\/\/colimdo.org\/wp-api\/wp\/v2\/media\/54549"}],"wp:attachment":[{"href":"https:\/\/colimdo.org\/wp-api\/wp\/v2\/media?parent=54548"}],"wp:term":[{"taxonomy":"category","embeddable":true,"href":"https:\/\/colimdo.org\/wp-api\/wp\/v2\/categories?post=54548"},{"taxonomy":"post_tag","embeddable":true,"href":"https:\/\/colimdo.org\/wp-api\/wp\/v2\/tags?post=54548"}],"curies":[{"name":"wp","href":"https:\/\/api.w.org\/{rel}","templated":true}]}}