{"id":54551,"date":"2019-05-29T18:05:30","date_gmt":"2019-05-29T18:05:30","guid":{"rendered":"https:\/\/colimdo.org\/?p=54551"},"modified":"2019-05-29T18:05:30","modified_gmt":"2019-05-29T18:05:30","slug":"seleccion-dominicana-u18-parte-este-viernes-mundial-3x3-mongolia","status":"publish","type":"post","link":"https:\/\/colimdo.org\/noticias\/seleccion-dominicana-u18-parte-este-viernes-mundial-3x3-mongolia\/","title":{"rendered":"Selecci\u00f3n dominicana U18 parte este viernes a Mundial 3&#215;3 en Mongolia"},"content":{"rendered":"<p>SANTO DOMINGO. La modalidad de baloncesto 3&#215;3 ha ido tomando un gran repunte en el pa\u00eds, que se situaba en el puesto 128 del mundo en agosto 2017 y que ha avanzado hasta el lugar 24 tras la conformaci\u00f3n de la Comisi\u00f3n Nacional de Baloncesto 3&#215;3 por parte de la Federaci\u00f3n Dominicana de Baloncesto.<\/p>\n<p>En un acto realizado en el Sal\u00f3n James Rodr\u00edguez del Ministerio de Deportes, la Federaci\u00f3n Dominicana de Baloncesto y la Comisi\u00f3n Nacional de Baloncesto 3&#215;3 presentaron la escuadra que representar\u00e1 la naci\u00f3n en el Campeonato Mundial U18 de Baloncesto 3&#215;3, organizado por FIBA en la ciudad de Ulaambataar, Mongolia.<\/p>\n<p>La delegaci\u00f3n dominicana partir\u00e1 este viernes 31 hacia suelo mongol, donde estar\u00e1 siendo una de cuatro naciones del continente americano en dicha justa. Estados Unidos, Argentina y Brasil ser\u00e1n los otros pa\u00edses del hemisferio en el evento mundialista.<\/p>\n<p>Hamlet Miguel Ruiz (S\u00e1nchez Ram\u00edrez), Jos\u00e9 Joshua Senci\u00f3n (Hato Mayor), Fuhit Evens Edouard (Hig\u00fcey) y Pedro Luis Concepci\u00f3n (La Vega) componen el seleccionado dominicano que estar\u00e1 ubicado en el Grupo B del evento junto a Rusia, Ucrania, Turkmenist\u00e1n y Kazajist\u00e1n.<\/p>\n<p>\u201cNos sentimos altamente complacidos del trabajo realizado hasta el momento con la disciplina y el hecho de que estos cuatro j\u00f3venes dominicanos hayan podido escalar a un evento mundialista es solo una muestra de las grandes cosas que podemos lograr en esta modalidad\u201d, sostuvo Rafael Uribe, presidente de la Federaci\u00f3n Dominicana de Baloncesto.<\/p>\n<p>\u201cHa sido un trabajo arduo de parte de todo el equipo, pero gracias a Dios ya se empiezan a ver los frutos del mismo. Esta participaci\u00f3n no nos detiene, no hemos cumplido nuestra meta, vamos a seguir fomentando, desarrollando y compitiendo para llegar a estar entre los mejores del mundo en el baloncesto 3&#215;3\u201d, manifest\u00f3 Elka Jim\u00e9nez, coordinadora nacional de la disciplina.<\/p>\n<p>El equipo estar\u00e1 viajando desde Santo Domingo, con escala en Frankfurt, Alemania y Pek\u00edn, China, antes de pisar la capital mongola. El evento se realizar\u00e1 del 3 al 7 de junio y el mismo podr\u00e1 ser visto a trav\u00e9s de la cuenta de Youtube de FIBA 3&#215;3.<\/p>\n","protected":false},"excerpt":{"rendered":"<p>En un acto realizado en el Sal\u00f3n James Rodr\u00edguez del Ministerio de Deportes, la Federaci\u00f3n Dominicana de Baloncesto y la Comisi\u00f3n Nacional de Baloncesto 3&#215;3 presentaron la escuadra que representar\u00e1 la naci\u00f3n en el Campeonato Mundial U18 de Baloncesto 3&#215;3, organizado por FIBA en la ciudad de Ulaambataar, Mongolia.<\/p>\n","protected":false},"author":16,"featured_media":54552,"comment_status":"closed","ping_status":"closed","sticky":false,"template":"","format":"standard","meta":[],"categories":[2,60],"tags":[],"acf":[],"_links":{"self":[{"href":"https:\/\/colimdo.org\/wp-api\/wp\/v2\/posts\/54551"}],"collection":[{"href":"https:\/\/colimdo.org\/wp-api\/wp\/v2\/posts"}],"about":[{"href":"https:\/\/colimdo.org\/wp-api\/wp\/v2\/types\/post"}],"author":[{"embeddable":true,"href":"https:\/\/colimdo.org\/wp-api\/wp\/v2\/users\/16"}],"replies":[{"embeddable":true,"href":"https:\/\/colimdo.org\/wp-api\/wp\/v2\/comments?post=54551"}],"version-history":[{"count":1,"href":"https:\/\/colimdo.org\/wp-api\/wp\/v2\/posts\/54551\/revisions"}],"predecessor-version":[{"id":54553,"href":"https:\/\/colimdo.org\/wp-api\/wp\/v2\/posts\/54551\/revisions\/54553"}],"wp:featuredmedia":[{"embeddable":true,"href":"https:\/\/colimdo.org\/wp-api\/wp\/v2\/media\/54552"}],"wp:attachment":[{"href":"https:\/\/colimdo.org\/wp-api\/wp\/v2\/media?parent=54551"}],"wp:term":[{"taxonomy":"category","embeddable":true,"href":"https:\/\/colimdo.org\/wp-api\/wp\/v2\/categories?post=54551"},{"taxonomy":"post_tag","embeddable":true,"href":"https:\/\/colimdo.org\/wp-api\/wp\/v2\/tags?post=54551"}],"curies":[{"name":"wp","href":"https:\/\/api.w.org\/{rel}","templated":true}]}}