{"id":54559,"date":"2019-05-29T20:43:44","date_gmt":"2019-05-29T20:43:44","guid":{"rendered":"https:\/\/colimdo.org\/?p=54559"},"modified":"2019-05-29T20:43:44","modified_gmt":"2019-05-29T20:43:44","slug":"celebraran-jimani-primera-copa-judo-hector-marino-perez","status":"publish","type":"post","link":"https:\/\/colimdo.org\/noticias\/celebraran-jimani-primera-copa-judo-hector-marino-perez\/","title":{"rendered":"Celebrar\u00e1n en Jiman\u00ed primera Copa de Judo H\u00e9ctor Marino P\u00e9rez"},"content":{"rendered":"<p style=\"font-weight: 400;\">Con la participaci\u00f3n de Azua, Barahona, Bahoruco, San Juan de la Maguana, Pedernales y Jiman\u00ed ser\u00e1 celebrada la\u00a0 Primera Copa Invitacional de Judo H\u00e9ctor Marino P\u00e9rez Novas.<\/p>\n<p style=\"font-weight: 400;\">El evento tendr\u00e1 como escenario el bajo techo del Municipio de Jiman\u00ed, con el apoyo del Comit\u00e9 Ol\u00edmpico Dominicano, Ministerio de Deportes, Federaci\u00f3n Dominicana de Judo, Federaci\u00f3n Internacional de Judo, Asociaci\u00f3n de Judo de la Provincia Independencia, Ayuntamiento Municipal y el Distrito Educativo 04 de Jiman\u00ed.<\/p>\n<p style=\"font-weight: 400;\">La justa de judo, es conmemorativa al natalicio de Marinito P\u00e9rez, quien fue presidente de dicha asociaci\u00f3n de judo, quien adem\u00e1s fue propulsor de varias disciplinas deportivas en esa provincia.<\/p>\n<p style=\"font-weight: 400;\">El evento se desarrollar\u00e1 todo el d\u00eda s\u00e1bado, bajo la direcci\u00f3n de la Asociaci\u00f3n de Judo de la Provincia, que preside la licenciada Monika P\u00e9rez.<\/p>\n<p style=\"font-weight: 400;\">Para el evento han sido invitadas varias personalidades ligada al deporte y a la vida p\u00fablica nacional, en especial del Municipio de Jiman\u00ed.<\/p>\n","protected":false},"excerpt":{"rendered":"<p>Con la participaci\u00f3n de Azua, Barahona, Bahoruco, San Juan de la Maguana, Pedernales y Jiman\u00ed ser\u00e1 celebrada la\u00a0 Primera Copa Invitacional de Judo H\u00e9ctor Marino P\u00e9rez Novas. El evento tendr\u00e1 como escenario el bajo techo del Municipio de Jiman\u00ed, con el apoyo del Comit\u00e9 Ol\u00edmpico Dominicano, Ministerio de Deportes, Federaci\u00f3n Dominicana de Judo, Federaci\u00f3n Internacional [&hellip;]<\/p>\n","protected":false},"author":9,"featured_media":54560,"comment_status":"closed","ping_status":"closed","sticky":false,"template":"","format":"standard","meta":[],"categories":[2,60],"tags":[],"acf":[],"_links":{"self":[{"href":"https:\/\/colimdo.org\/wp-api\/wp\/v2\/posts\/54559"}],"collection":[{"href":"https:\/\/colimdo.org\/wp-api\/wp\/v2\/posts"}],"about":[{"href":"https:\/\/colimdo.org\/wp-api\/wp\/v2\/types\/post"}],"author":[{"embeddable":true,"href":"https:\/\/colimdo.org\/wp-api\/wp\/v2\/users\/9"}],"replies":[{"embeddable":true,"href":"https:\/\/colimdo.org\/wp-api\/wp\/v2\/comments?post=54559"}],"version-history":[{"count":1,"href":"https:\/\/colimdo.org\/wp-api\/wp\/v2\/posts\/54559\/revisions"}],"predecessor-version":[{"id":54561,"href":"https:\/\/colimdo.org\/wp-api\/wp\/v2\/posts\/54559\/revisions\/54561"}],"wp:featuredmedia":[{"embeddable":true,"href":"https:\/\/colimdo.org\/wp-api\/wp\/v2\/media\/54560"}],"wp:attachment":[{"href":"https:\/\/colimdo.org\/wp-api\/wp\/v2\/media?parent=54559"}],"wp:term":[{"taxonomy":"category","embeddable":true,"href":"https:\/\/colimdo.org\/wp-api\/wp\/v2\/categories?post=54559"},{"taxonomy":"post_tag","embeddable":true,"href":"https:\/\/colimdo.org\/wp-api\/wp\/v2\/tags?post=54559"}],"curies":[{"name":"wp","href":"https:\/\/api.w.org\/{rel}","templated":true}]}}