{"id":54568,"date":"2019-05-29T21:39:21","date_gmt":"2019-05-29T21:39:21","guid":{"rendered":"https:\/\/colimdo.org\/?p=54568"},"modified":"2019-05-29T21:39:21","modified_gmt":"2019-05-29T21:39:21","slug":"copa-esmeralda-inicia-este-viernes-pugiles-todas-las-regiones-rd","status":"publish","type":"post","link":"https:\/\/colimdo.org\/noticias\/copa-esmeralda-inicia-este-viernes-pugiles-todas-las-regiones-rd\/","title":{"rendered":"Copa Esmeralda inicia este viernes  con p\u00fagiles de todas las regiones de RD"},"content":{"rendered":"<p data-originalfontsize=\"11pt\" data-originalcomputedfontsize=\"14.666666984558105\">Con la participaci\u00f3n de p\u00fagiles de todas las regiones de la Rep\u00fablica Dominicana, ser\u00e1 puesta en marcha el pr\u00f3ximo viernes la edici\u00f3n correspondiente a este a\u00f1o de la Copa Esmeralda, teniendo como escenario el polideportivo de Monte Plata y dedicada a la lucha en contra del trabajo infantil.<\/p>\n<p data-originalfontsize=\"11pt\" data-originalcomputedfontsize=\"14.666666984558105\">Los boxeadores que integran las selecciones de las regiones Norte, Sur\u00a0 y Este, as\u00ed como de la Zona Metropolitana, conformada por Distrito Nacional y la provincia Santo Domingo, llegar\u00e1n este jueves a la llamada provincia Esmeralda y Ol\u00edmpica del pa\u00eds para su participaci\u00f3n en el evento.<\/p>\n<p data-originalfontsize=\"11pt\" data-originalcomputedfontsize=\"14.666666984558105\">El acto de apertura ser\u00e1 el pr\u00f3ximo viernes, a las cinco de la tarde, en el polideportivo Santo Angel Peguero de Monte Plata.<\/p>\n<p data-originalfontsize=\"11pt\" data-originalcomputedfontsize=\"14.666666984558105\">\u201cEl entusiasmo es desbordante\u201d, proclam\u00f3 Jes\u00fas Contreras, alcalde de Monte Plata, quien expuso que el municipio est\u00e1 preparado para ofrecer una c\u00e1lida bienvenida a las delegaciones.<\/p>\n<p data-originalfontsize=\"11pt\" data-originalcomputedfontsize=\"14.666666984558105\">De su lado, el gobernador Nicio Rosario resalt\u00f3 la tradici\u00f3n deportiva de la provincia y que evento como la Copa Esmeralda vienen a fortalecer la condici\u00f3n de \u201cpotencia nacional y internacional\u201d de Monte Plata.<\/p>\n<p data-originalfontsize=\"11pt\" data-originalcomputedfontsize=\"14.666666984558105\">\u201cDesde el viernes y hasta el domingo, Monte Plata ser\u00e1 la capital del boxeo dominicano\u201d, a\u00f1adi\u00f3.<\/p>\n<p data-originalfontsize=\"11pt\" data-originalcomputedfontsize=\"14.666666984558105\">La alcaldesa Bertilia Fern\u00e1ndez, cuyo municipio Sabana Grande de Boy\u00e1, acogi\u00f3 la versi\u00f3n anterior de la Copa, resalt\u00f3 el hecho de que la justa servir\u00e1 de fogueo para los participantes en ruta a los Juegos\u00a0 Nacionales Escolares, a celebrarse este a\u00f1o en la provincia Monte Plata. Tambi\u00e9n ha manifiestado su respaldo a la Copa el senador Charlie Mariotti.<\/p>\n<p data-originalfontsize=\"11pt\" data-originalcomputedfontsize=\"14.666666984558105\">En el marco de la apertura\u00a0 se tributar\u00e1 un homenaje p\u00f3stumo a H\u00e9ctor Delgado, alcalde de Bayaguana reci\u00e9n fallecido.<\/p>\n<p data-originalfontsize=\"11pt\" data-originalcomputedfontsize=\"14.666666984558105\">La copa es organizada por un comit\u00e9 que preside el actual ministro de Trabajo, doctor Winston Santos e integran destacadas\u00a0 figuras de la provincia. Tiene\u00a0 aval de la Federaci\u00f3n de\u00a0 Boxeo.<\/p>\n<p data-originalfontsize=\"11pt\" data-originalcomputedfontsize=\"14.666666984558105\">El acto de apertura est\u00e1 programado para las cinco de la tarde del \u00a0viernes y autoridades deportivas nacionales y olimpicas han confirmado su participaci\u00f3n, as\u00ed como destacadas figuras del boxeo y una representaci\u00f3n en el pa\u00eds de la Organizaci\u00f3n Internacional del Trabajo.<\/p>\n","protected":false},"excerpt":{"rendered":"<p>Con la participaci\u00f3n de p\u00fagiles de todas las regiones de la Rep\u00fablica Dominicana, ser\u00e1 puesta en marcha el pr\u00f3ximo viernes la edici\u00f3n correspondiente a este a\u00f1o de la Copa Esmeralda, teniendo como escenario el polideportivo de Monte Plata y dedicada a la lucha en contra del trabajo infantil. Los boxeadores que integran las selecciones de [&hellip;]<\/p>\n","protected":false},"author":9,"featured_media":54571,"comment_status":"closed","ping_status":"closed","sticky":false,"template":"","format":"standard","meta":[],"categories":[2,60],"tags":[],"acf":[],"_links":{"self":[{"href":"https:\/\/colimdo.org\/wp-api\/wp\/v2\/posts\/54568"}],"collection":[{"href":"https:\/\/colimdo.org\/wp-api\/wp\/v2\/posts"}],"about":[{"href":"https:\/\/colimdo.org\/wp-api\/wp\/v2\/types\/post"}],"author":[{"embeddable":true,"href":"https:\/\/colimdo.org\/wp-api\/wp\/v2\/users\/9"}],"replies":[{"embeddable":true,"href":"https:\/\/colimdo.org\/wp-api\/wp\/v2\/comments?post=54568"}],"version-history":[{"count":2,"href":"https:\/\/colimdo.org\/wp-api\/wp\/v2\/posts\/54568\/revisions"}],"predecessor-version":[{"id":54574,"href":"https:\/\/colimdo.org\/wp-api\/wp\/v2\/posts\/54568\/revisions\/54574"}],"wp:featuredmedia":[{"embeddable":true,"href":"https:\/\/colimdo.org\/wp-api\/wp\/v2\/media\/54571"}],"wp:attachment":[{"href":"https:\/\/colimdo.org\/wp-api\/wp\/v2\/media?parent=54568"}],"wp:term":[{"taxonomy":"category","embeddable":true,"href":"https:\/\/colimdo.org\/wp-api\/wp\/v2\/categories?post=54568"},{"taxonomy":"post_tag","embeddable":true,"href":"https:\/\/colimdo.org\/wp-api\/wp\/v2\/tags?post=54568"}],"curies":[{"name":"wp","href":"https:\/\/api.w.org\/{rel}","templated":true}]}}