{"id":54578,"date":"2019-05-29T22:52:59","date_gmt":"2019-05-29T22:52:59","guid":{"rendered":"https:\/\/colimdo.org\/?p=54578"},"modified":"2019-05-29T22:52:59","modified_gmt":"2019-05-29T22:52:59","slug":"peters-gana-17ma-etapa-del-giro-carapaz-sigue-lider","status":"publish","type":"post","link":"https:\/\/colimdo.org\/noticias\/peters-gana-17ma-etapa-del-giro-carapaz-sigue-lider\/","title":{"rendered":"Peters gana 17ma etapa del Giro y Carapaz sigue de l\u00edder"},"content":{"rendered":"<p>ANTERSELVA, Italia (AP) \u2014 El franc\u00e9s Nans Peters se llev\u00f3 el mi\u00e9rcoles su primera victoria en una carrera del Grand Tour, al ganar la 17ma etapa del Giro de Italia, al tiempo que el ecuatoriano Richard Carapaz celebr\u00f3 su cumplea\u00f1os extendiendo su ventaja como l\u00edder.<\/p>\n<p>Peters, del equipo AG2R La Mondiale, us\u00f3 un sprint solitario para ganar la ruta de 181 kil\u00f3metros de Commezzadura a Anterselva, cerca de la frontera con Austria.<\/p>\n<p>\u201cMi Giro ya era un \u00e9xito, pero es incre\u00edble lograr mi primera victoria en un Gran Tour\u201d, dijo Peters, de 25 a\u00f1os. \u201cEn el despegue, me dije que iba a atacar solamente una vez y el momento result\u00f3 oportuno\u201d.<\/p>\n<p>Esteban Chaves fue segundo, 1 minuto y 34 segundos detr\u00e1s de Peters. David Formolo lleg\u00f3 tercero, 1:51 del franc\u00e9s.<\/p>\n<p>Los tres hab\u00edan sido parte de un pelot\u00f3n despegado hasta que Peters se lanz-o al ataque a 16 kil\u00f3metros del final.<\/p>\n<p>Carapaz, que cumpli\u00f3 26 a\u00f1os el mi\u00e9rcoles, extendi\u00f3 su ventaja a 1:54 sobre Vincenzo Nibali y 2:16 sobre Primo Roglic.<\/p>\n<p>Su compa\u00f1ero de Movistar, Mikel Landa, se lanz\u00f3 a tres kil\u00f3metros de la meta para reducir la brecha con los tres primeros. Lanza sigue cuarto, pero ahora est\u00e1 a 3:03 de Carapaz.<\/p>\n<p>\u201cMikel Landa se sinti\u00f3 bien hacia el final y decidi\u00f3 atacar para ganar alg\u00fan tiempo para el podio final\u201d, dijo Carapaz. \u201cYo tambi\u00e9n me sent\u00ed bien e hice lo m\u00e1s que pude para beneficiarme del ataque de Mikel. No pod\u00eda haber pedido un mejor 26to cumplea\u00f1os que con la camiseta rosa\u201d.<\/p>\n<p>La 18va etapa el jueves es una ruta mayormente cuesta abajo en el tramo de 222 kil\u00f3metros de Valdaora a Santa Maria di Sala.<\/p>\n<p>La carrera de tres semanas concluye el domingo en Verona.<\/p>\n","protected":false},"excerpt":{"rendered":"<p>ANTERSELVA, Italia (AP) \u2014 El franc\u00e9s Nans Peters se llev\u00f3 el mi\u00e9rcoles su primera victoria en una carrera del Grand Tour, al ganar la 17ma etapa del Giro de Italia, al tiempo que el ecuatoriano Richard Carapaz celebr\u00f3 su cumplea\u00f1os extendiendo su ventaja como l\u00edder. Peters, del equipo AG2R La Mondiale, us\u00f3 un sprint solitario [&hellip;]<\/p>\n","protected":false},"author":9,"featured_media":54579,"comment_status":"closed","ping_status":"closed","sticky":false,"template":"","format":"standard","meta":[],"categories":[2,60],"tags":[],"acf":[],"_links":{"self":[{"href":"https:\/\/colimdo.org\/wp-api\/wp\/v2\/posts\/54578"}],"collection":[{"href":"https:\/\/colimdo.org\/wp-api\/wp\/v2\/posts"}],"about":[{"href":"https:\/\/colimdo.org\/wp-api\/wp\/v2\/types\/post"}],"author":[{"embeddable":true,"href":"https:\/\/colimdo.org\/wp-api\/wp\/v2\/users\/9"}],"replies":[{"embeddable":true,"href":"https:\/\/colimdo.org\/wp-api\/wp\/v2\/comments?post=54578"}],"version-history":[{"count":1,"href":"https:\/\/colimdo.org\/wp-api\/wp\/v2\/posts\/54578\/revisions"}],"predecessor-version":[{"id":54580,"href":"https:\/\/colimdo.org\/wp-api\/wp\/v2\/posts\/54578\/revisions\/54580"}],"wp:featuredmedia":[{"embeddable":true,"href":"https:\/\/colimdo.org\/wp-api\/wp\/v2\/media\/54579"}],"wp:attachment":[{"href":"https:\/\/colimdo.org\/wp-api\/wp\/v2\/media?parent=54578"}],"wp:term":[{"taxonomy":"category","embeddable":true,"href":"https:\/\/colimdo.org\/wp-api\/wp\/v2\/categories?post=54578"},{"taxonomy":"post_tag","embeddable":true,"href":"https:\/\/colimdo.org\/wp-api\/wp\/v2\/tags?post=54578"}],"curies":[{"name":"wp","href":"https:\/\/api.w.org\/{rel}","templated":true}]}}