{"id":54607,"date":"2019-05-30T03:10:30","date_gmt":"2019-05-30T03:10:30","guid":{"rendered":"https:\/\/colimdo.org\/?p=54607"},"modified":"2019-05-30T16:16:16","modified_gmt":"2019-05-30T16:16:16","slug":"fallece-la-doctora-josefina-cordero-tras-larga-enfermedad-terminal","status":"publish","type":"post","link":"https:\/\/colimdo.org\/noticias\/fallece-la-doctora-josefina-cordero-tras-larga-enfermedad-terminal\/","title":{"rendered":"Fallece la doctora Josefina Cordero tras larga enfermedad terminal"},"content":{"rendered":"<p><strong>SANTO DOMINGO<\/strong>. Falleci\u00f3 la noche de este mi\u00e9rcoles la doctora Josefina Cordero, tras padecer por largo tiempo una enfermedad terminal.<\/p>\n<p><span style=\"font-style: inherit; font-weight: inherit;\">El deceso de la doctora Cordero se produjo a las 9:30 de la noche, en su hogar de esta capital.<\/span><\/p>\n<p><span style=\"font-style: inherit; font-weight: inherit;\">Los restos de Cordero ser\u00e1n velados desde este jueves en la funeraria Blandino de esta capital y ser\u00e1n sepultados a las 10:00 de la ma\u00f1ana del viernes en el cementerio Cristo Redentor, seg\u00fan comunic\u00f3 su hermano, el licenciado Jos\u00e9 Cordero<\/span><\/p>\n<p><span style=\"font-style: inherit; font-weight: inherit;\">La doctora Cordero, con una trayectoria de m\u00e1s de 20 a\u00f1os de servicios, le sobrevive su hija Jossi Emely Castro Cordero. Tambi\u00e9n sus hermanos Jos\u00e9 Augusto, Josefina Margarita, Mar\u00eda Lorenza y Jos\u00e9 Miguel Cordero Santos.<\/span><\/p>\n<p><span style=\"font-style: inherit; font-weight: inherit;\">La noche de este mi\u00e9rcoles, el licenciado Luis Mej\u00eda, presidente del Comit\u00e9 Ol\u00edmpico Dominicano, as\u00ed como el doctor Milton Pinedo, presidente de la Federaci\u00f3n Diominicana de Medicina del Deporte, expresaron su profundo pesar por el deceso de la doctora Cordero.<\/span><\/p>\n<p><span style=\"font-style: inherit; font-weight: inherit;\">\u201cFue una gran servidora del deporte dominicano, lamentado su deceso\u201d, dijo Mej\u00eda.<\/span><\/p>\n<p><span style=\"font-style: inherit; font-weight: inherit;\">En tanto que el doctor Pinedo considera una \u201cirreparable p\u00e9rdida para la medicina especializada en deporte\u201d.<\/span><\/p>\n<p><span style=\"font-style: inherit; font-weight: inherit;\">Su vinculaci\u00f3n con el deporte se remonta al a\u00f1o 1978.<\/span><\/p>\n<p><span style=\"font-style: inherit; font-weight: inherit;\">Fue pionera en la lucha antidopaje, desarrollando una amplia labor con las Federaciones Deportivas Nacionales y el Comit\u00e9 Ol\u00edmpico Dominicano.<\/span><\/p>\n<p><span style=\"font-style: inherit; font-weight: inherit;\">Dirigi\u00f3 en m\u00faltiples ocasiones la delegaci\u00f3n m\u00e9dica que acompa\u00f1a delegaciones deportivas nacionales a eventos internacionales, especialmente del Ciclo Ol\u00edmpico.<\/span><\/p>\n<p><span style=\"font-style: inherit; font-weight: inherit;\">Se desempe\u00f1\u00f3 como Directora de Control de Dopaje de los Juegos Panamericanos de 2003. Ha laborado en diferentes entidades vinculadas al deporte<\/span><\/p>\n<p><span style=\"font-style: inherit; font-weight: inherit;\">Tambi\u00e9n labor\u00f3 para el Consejo Nacional de\u00a0 Drogas.<\/span><\/p>\n","protected":false},"excerpt":{"rendered":"<p>Los restos de Cordero ser\u00e1n velados este jueves en la funeraria Blandino de la avenida Abraham Lincoln de esta capital.<\/p>\n","protected":false},"author":13,"featured_media":54608,"comment_status":"closed","ping_status":"closed","sticky":false,"template":"","format":"standard","meta":[],"categories":[2,60],"tags":[],"acf":[],"_links":{"self":[{"href":"https:\/\/colimdo.org\/wp-api\/wp\/v2\/posts\/54607"}],"collection":[{"href":"https:\/\/colimdo.org\/wp-api\/wp\/v2\/posts"}],"about":[{"href":"https:\/\/colimdo.org\/wp-api\/wp\/v2\/types\/post"}],"author":[{"embeddable":true,"href":"https:\/\/colimdo.org\/wp-api\/wp\/v2\/users\/13"}],"replies":[{"embeddable":true,"href":"https:\/\/colimdo.org\/wp-api\/wp\/v2\/comments?post=54607"}],"version-history":[{"count":4,"href":"https:\/\/colimdo.org\/wp-api\/wp\/v2\/posts\/54607\/revisions"}],"predecessor-version":[{"id":54647,"href":"https:\/\/colimdo.org\/wp-api\/wp\/v2\/posts\/54607\/revisions\/54647"}],"wp:featuredmedia":[{"embeddable":true,"href":"https:\/\/colimdo.org\/wp-api\/wp\/v2\/media\/54608"}],"wp:attachment":[{"href":"https:\/\/colimdo.org\/wp-api\/wp\/v2\/media?parent=54607"}],"wp:term":[{"taxonomy":"category","embeddable":true,"href":"https:\/\/colimdo.org\/wp-api\/wp\/v2\/categories?post=54607"},{"taxonomy":"post_tag","embeddable":true,"href":"https:\/\/colimdo.org\/wp-api\/wp\/v2\/tags?post=54607"}],"curies":[{"name":"wp","href":"https:\/\/api.w.org\/{rel}","templated":true}]}}