{"id":54648,"date":"2019-05-30T16:26:13","date_gmt":"2019-05-30T16:26:13","guid":{"rendered":"https:\/\/colimdo.org\/?p=54648"},"modified":"2019-05-30T16:26:13","modified_gmt":"2019-05-30T16:26:13","slug":"norlandys-taveras-juana-fernandez-ganan-oro-campeonato-ciclismo-pista","status":"publish","type":"post","link":"https:\/\/colimdo.org\/noticias\/norlandys-taveras-juana-fernandez-ganan-oro-campeonato-ciclismo-pista\/","title":{"rendered":"Norlandys Taveras y Juana Fern\u00e1ndez ganan oro en Campeonato de Ciclismo de Pista"},"content":{"rendered":"<p>SANTO DOMINGO. Norlandys Taveras, Isaac de los Santos, Juana Fern\u00e1ndez y Ruth Elisa Santana fueron los principales exponentes en las diferentes categor\u00edas en el Campeonato Nacional de ciclismo de Pista, evento efectuado durante el fin de semana en el Vel\u00f3dromo Ol\u00edmpico.<\/p>\n<p>Taveras, veterano pedalista conquist\u00f3 la presea dorada en el kil\u00f3metro contra el reloj al cronometrar 1:09;48\/100 y de esta forma se impuso a Carlos Tejada, quien se qued\u00f3 con la plata y a Jos\u00e9 Cueto, quien finaliz\u00f3 con la medalla de bronce.<\/p>\n<p>En los 200 metros de velocidad, el mejor fue Carlos Tejada Villar, ganador de la presea dorada, Alberto Ramos obtuvo la plata y Geovanny Garc\u00eda alcanz\u00f3 el bronce. La persecuci\u00f3n individual fue dominada por Wellington Canela, quien se apoder\u00f3 del oro, Junior Marte logr\u00f3 la presea de plata y Alberto Ramos\u00a0 el bronce. Garc\u00eda, Ramos y Erizon Pe\u00f1a fueron quienes hicieron podium en la prueba de Scrath.<\/p>\n<p><strong>De los Santos en juvenil<\/strong><br \/>\nEn la juvenil, los 200 metros de velocidad fue ganada por De los Santos, seguido por Emilio G\u00f3mez y Frankel Rodr\u00edguez se apoder\u00f3 del bronce. En la persecuci\u00f3n individual el m\u00e1ximo exponente y due\u00f1o del oro fue para Cristopher Paulino quien cronometr\u00f3 4:04;69, los tres kil\u00f3metros que se realizaron en las nueve vueltas. Rodr\u00edguez se qued\u00f3 con la presea de plata y Jeury Alejo logr\u00f3 el bronce.<\/p>\n<p>De los Santos detuvo los relojes en 1: 00; 71 en los 750 metros contra el reloj para coronarse en esta modalidad.<\/p>\n<p>&nbsp;<\/p>\n<p>&nbsp;<\/p>\n<p>&nbsp;<\/p>\n","protected":false},"excerpt":{"rendered":"<p>Taveras, veterano pedalista conquist\u00f3 la presea dorada en el kil\u00f3metro contra el reloj al cronometrar 1:09;48\/100 y de esta forma se impuso a Carlos Tejada, quien se qued\u00f3 con la plata y a Jos\u00e9 Cueto, quien finaliz\u00f3 con la medalla de bronce.<\/p>\n","protected":false},"author":16,"featured_media":54649,"comment_status":"closed","ping_status":"closed","sticky":false,"template":"","format":"standard","meta":[],"categories":[2,60],"tags":[],"acf":[],"_links":{"self":[{"href":"https:\/\/colimdo.org\/wp-api\/wp\/v2\/posts\/54648"}],"collection":[{"href":"https:\/\/colimdo.org\/wp-api\/wp\/v2\/posts"}],"about":[{"href":"https:\/\/colimdo.org\/wp-api\/wp\/v2\/types\/post"}],"author":[{"embeddable":true,"href":"https:\/\/colimdo.org\/wp-api\/wp\/v2\/users\/16"}],"replies":[{"embeddable":true,"href":"https:\/\/colimdo.org\/wp-api\/wp\/v2\/comments?post=54648"}],"version-history":[{"count":1,"href":"https:\/\/colimdo.org\/wp-api\/wp\/v2\/posts\/54648\/revisions"}],"predecessor-version":[{"id":54650,"href":"https:\/\/colimdo.org\/wp-api\/wp\/v2\/posts\/54648\/revisions\/54650"}],"wp:featuredmedia":[{"embeddable":true,"href":"https:\/\/colimdo.org\/wp-api\/wp\/v2\/media\/54649"}],"wp:attachment":[{"href":"https:\/\/colimdo.org\/wp-api\/wp\/v2\/media?parent=54648"}],"wp:term":[{"taxonomy":"category","embeddable":true,"href":"https:\/\/colimdo.org\/wp-api\/wp\/v2\/categories?post=54648"},{"taxonomy":"post_tag","embeddable":true,"href":"https:\/\/colimdo.org\/wp-api\/wp\/v2\/tags?post=54648"}],"curies":[{"name":"wp","href":"https:\/\/api.w.org\/{rel}","templated":true}]}}