{"id":54653,"date":"2019-05-30T17:30:44","date_gmt":"2019-05-30T17:30:44","guid":{"rendered":"https:\/\/colimdo.org\/?p=54653"},"modified":"2019-05-30T17:30:44","modified_gmt":"2019-05-30T17:30:44","slug":"resaltan-labor-wiche-garcia-saleta-favor-del-deporte","status":"publish","type":"post","link":"https:\/\/colimdo.org\/noticias\/resaltan-labor-wiche-garcia-saleta-favor-del-deporte\/","title":{"rendered":"Resaltan labor de Wiche Garc\u00eda Saleta a favor del deporte"},"content":{"rendered":"<p class=\"x_ydpab1faa84MsoNoSpacing\"><span lang=\"ES-DO\">SANTO DOMINGO.- Familiares y dirigentes deportivos recordaron este mi\u00e9rcoles el trabajo para el fomento y desarrollo realizada en vida por el fenecido Juan Ulises Garc\u00eda Saleta (Wiche).<\/span><\/p>\n<p class=\"x_ydpab1faa84MsoNoSpacing\"><span lang=\"ES-DO\">El trabajo a favor del deporte realizado por Wiche Garc\u00eda Saleta fue citado durante la celebraci\u00f3n de una misa celebrada en la parroquia San Judas Tadeo del sector Naco, en la que participaron familiares y dirigentes deportivos.<\/span><\/p>\n<p class=\"x_ydpab1faa84MsoNoSpacing\"><span lang=\"ES-DO\">A la misa asisti\u00f3 el licenciado Luis Mej\u00eda Oviedo, presidente del Comit\u00e9 Ol\u00edmpico Dominicano (COD), as\u00ed\u00a0\u00a0como Gilberto Garc\u00eda, Rafael Suero Correa, Nelson Ram\u00edrez, Luis Chanlatte y Rafael Villalona, miembros del Comit\u00e9 Ejecutivo del COD y Jos\u00e9 Manuel Ramos, presidente de la Federaci\u00f3n Dominicana de Ecuestre.<\/span><\/p>\n<p class=\"x_ydpab1faa84MsoNoSpacing\"><span lang=\"ES-DO\">Wiche Garc\u00eda Saleta\u00a0falleci\u00f3 a los 79 a\u00f1os de edad en un triple choque ocurrido el 26 de mayo del a\u00f1o 2004 en el kil\u00f3metro 14 de la autopista Seis de Noviembre.<\/span><\/p>\n<p class=\"x_ydpab1faa84MsoNoSpacing\"><span lang=\"ES-DO\">Wiche fue exaltado al Pabell\u00f3n del Deporte Dominicano como propulsor en el Ceremonial del a\u00f1o 1990. Naci\u00f3 en Santo Domingo el 25 de octubre del a\u00f1o 1925 y se inici\u00f3 en la direcci\u00f3n del movimiento deportivo en 1962.<\/span><span class=\"x_ydpab1faa84apple-converted-space\"><span lang=\"ES-DO\">\u00a0<\/span><\/span><\/p>\n<p class=\"x_ydpab1faa84MsoNoSpacing\"><span lang=\"ES-DO\">Gestion\u00f3 y logr\u00f3 para el pa\u00eds, la sede de los XII Juegos Centroamericanos y del Caribe, celebrados en Santo Domingo en 1974.<\/span><\/p>\n<p class=\"x_ydpab1faa84MsoNoSpacing\"><span lang=\"ES-DO\">Tambi\u00e9n fue secretario de Estado de Deportes, Educaci\u00f3n F\u00edsica y Recreaci\u00f3n en 1981, y dirigi\u00f3 organizaciones deportivas formadas por campesinos en la regi\u00f3n Sur del pa\u00eds.<\/span><\/p>\n<p class=\"x_ydpab1faa84MsoNoSpacing\"><span lang=\"ES-DO\">Fue miembro de la Organizaci\u00f3n Deportiva Centroamericana y del Caribe (ODECABE) y de la Organizaci\u00f3n Deportiva Panamericana (ODEPA).<\/span><\/p>\n<p class=\"x_ydpab1faa84MsoNoSpacing\"><span lang=\"ES-DO\">Desde muy joven, Wiche mostr\u00f3 sus cualidades como atleta, propulsor, dirigente y constructor deportivo.<\/span><span lang=\"ES-DO\"><br \/>\nComo atleta practic\u00f3 atletismo, boxeo, voleibol, baloncesto, b\u00e9isbol, nataci\u00f3n, ciclismo, patinaje sobre ruedas, equitaci\u00f3n y tenis de mesa.<\/span><\/p>\n<p class=\"x_ydpab1faa84MsoNoSpacing\"><span lang=\"ES-DO\">\u00a0<\/span><\/p>\n<p class=\"x_ydpab1faa84MsoNoSpacing\">\n","protected":false},"excerpt":{"rendered":"<p>El trabajo a favor del deporte realizado por Wiche Garc\u00eda Saleta fue citado durante la celebraci\u00f3n de una misa celebrada en la parroquia San Judas Tadeo del sector Naco, en la que participaron familiares y dirigentes deportivos.<\/p>\n","protected":false},"author":16,"featured_media":54654,"comment_status":"closed","ping_status":"closed","sticky":false,"template":"","format":"standard","meta":[],"categories":[2,60],"tags":[],"acf":[],"_links":{"self":[{"href":"https:\/\/colimdo.org\/wp-api\/wp\/v2\/posts\/54653"}],"collection":[{"href":"https:\/\/colimdo.org\/wp-api\/wp\/v2\/posts"}],"about":[{"href":"https:\/\/colimdo.org\/wp-api\/wp\/v2\/types\/post"}],"author":[{"embeddable":true,"href":"https:\/\/colimdo.org\/wp-api\/wp\/v2\/users\/16"}],"replies":[{"embeddable":true,"href":"https:\/\/colimdo.org\/wp-api\/wp\/v2\/comments?post=54653"}],"version-history":[{"count":1,"href":"https:\/\/colimdo.org\/wp-api\/wp\/v2\/posts\/54653\/revisions"}],"predecessor-version":[{"id":54655,"href":"https:\/\/colimdo.org\/wp-api\/wp\/v2\/posts\/54653\/revisions\/54655"}],"wp:featuredmedia":[{"embeddable":true,"href":"https:\/\/colimdo.org\/wp-api\/wp\/v2\/media\/54654"}],"wp:attachment":[{"href":"https:\/\/colimdo.org\/wp-api\/wp\/v2\/media?parent=54653"}],"wp:term":[{"taxonomy":"category","embeddable":true,"href":"https:\/\/colimdo.org\/wp-api\/wp\/v2\/categories?post=54653"},{"taxonomy":"post_tag","embeddable":true,"href":"https:\/\/colimdo.org\/wp-api\/wp\/v2\/tags?post=54653"}],"curies":[{"name":"wp","href":"https:\/\/api.w.org\/{rel}","templated":true}]}}