{"id":54665,"date":"2019-05-30T22:53:47","date_gmt":"2019-05-30T22:53:47","guid":{"rendered":"https:\/\/colimdo.org\/?p=54665"},"modified":"2019-05-30T22:53:47","modified_gmt":"2019-05-30T22:53:47","slug":"cima-gana-18-etapa-del-giro-italia-carapaz-sigue-lider","status":"publish","type":"post","link":"https:\/\/colimdo.org\/noticias\/cima-gana-18-etapa-del-giro-italia-carapaz-sigue-lider\/","title":{"rendered":"Cima gana 18 etapa del Giro de Italia, mientras Carapaz sigue de l\u00edder"},"content":{"rendered":"<p>SANTA MARIA DI SALA, Italia (AP) \u2014 El italiano Damiano Cima se llev\u00f3 su primera Victoria como profesional, ganando el jueves la 18va etapa del Giro de Italia, al tiempo que el ecuatoriano Richard Carapaz retuvo la camiseta de l\u00edder.<\/p>\n<p>Cima, del equipo Nippo-Vini Fantini-Faizane, hab\u00eda sido parte de un tr\u00edo de escapados que fue alcanzado por el pelot\u00f3n en los \u00faltimos metros de la ruta mayormente descendente de 222 kil\u00f3metros (138 millas) de Valdaora a Santa Maria di Sala.<\/p>\n<p>Pero Cima, de 25 a\u00f1os, contuvo al pelot\u00f3n en el sprint para darle a su equipo su primera victoria en el Giro, su primer Grand Tour.<\/p>\n<p>\u201cNo puedo creer lo que acaba de suceder\u201d, dijo Cima. \u201cMe he pasado tantos kil\u00f3metros en despegues en este Giro. Pens\u00e9 que nunca lo lograr\u00eda, pero gan\u00e9 hoy. Es algo loco. El sue\u00f1o de una vida\u201d.<\/p>\n<p>Pascal Ackermann entro segundo y Simone Consonni tercero.<\/p>\n<p>\u201cNo hay dudas de que estoy algo desilusionado porque no gan\u00e9\u201d, dijo Ackermann. \u201cSi vieron como ocurri\u00f3 el despegue, ciertamente \u00e9l es la afortunado ganador hoy. Fue el m\u00e1s fuerte. Ellos estaban batallando duramente contra nuestro equipo\u201d.<\/p>\n<p>Carapaz sigue 1 minuto y 54 segundos delante de Vincenzo Nibali y 2:16 sobre Primoz Roglic.<\/p>\n<p>\u201cFue una atapa tranquila, pero larga, intensa solamente al inicio\u201d, dijo Carapaz, de Movistar. \u201cDe nuevo tuve bien respaldo de mi equipo. Ma\u00f1ana ser\u00e1 una prueba importante, pero estoy confiado en que retendr\u00e9 la camiseta rosa\u201d.<\/p>\n<p>El Giro regresa a las monta\u00f1as para la 19na etapa el viernes, una ruta de 151 kil\u00f3metros de Treviso a San Martino di Castrozza.<\/p>\n<p>La carrera de tres semanas concluye el domingo en Verona.<\/p>\n","protected":false},"excerpt":{"rendered":"<p>SANTA MARIA DI SALA, Italia (AP) \u2014 El italiano Damiano Cima se llev\u00f3 su primera Victoria como profesional, ganando el jueves la 18va etapa del Giro de Italia, al tiempo que el ecuatoriano Richard Carapaz retuvo la camiseta de l\u00edder. Cima, del equipo Nippo-Vini Fantini-Faizane, hab\u00eda sido parte de un tr\u00edo de escapados que fue [&hellip;]<\/p>\n","protected":false},"author":9,"featured_media":54666,"comment_status":"closed","ping_status":"closed","sticky":false,"template":"","format":"standard","meta":[],"categories":[2,60],"tags":[],"acf":[],"_links":{"self":[{"href":"https:\/\/colimdo.org\/wp-api\/wp\/v2\/posts\/54665"}],"collection":[{"href":"https:\/\/colimdo.org\/wp-api\/wp\/v2\/posts"}],"about":[{"href":"https:\/\/colimdo.org\/wp-api\/wp\/v2\/types\/post"}],"author":[{"embeddable":true,"href":"https:\/\/colimdo.org\/wp-api\/wp\/v2\/users\/9"}],"replies":[{"embeddable":true,"href":"https:\/\/colimdo.org\/wp-api\/wp\/v2\/comments?post=54665"}],"version-history":[{"count":1,"href":"https:\/\/colimdo.org\/wp-api\/wp\/v2\/posts\/54665\/revisions"}],"predecessor-version":[{"id":54667,"href":"https:\/\/colimdo.org\/wp-api\/wp\/v2\/posts\/54665\/revisions\/54667"}],"wp:featuredmedia":[{"embeddable":true,"href":"https:\/\/colimdo.org\/wp-api\/wp\/v2\/media\/54666"}],"wp:attachment":[{"href":"https:\/\/colimdo.org\/wp-api\/wp\/v2\/media?parent=54665"}],"wp:term":[{"taxonomy":"category","embeddable":true,"href":"https:\/\/colimdo.org\/wp-api\/wp\/v2\/categories?post=54665"},{"taxonomy":"post_tag","embeddable":true,"href":"https:\/\/colimdo.org\/wp-api\/wp\/v2\/tags?post=54665"}],"curies":[{"name":"wp","href":"https:\/\/api.w.org\/{rel}","templated":true}]}}