{"id":54701,"date":"2019-05-31T14:26:41","date_gmt":"2019-05-31T14:26:41","guid":{"rendered":"https:\/\/colimdo.org\/?p=54701"},"modified":"2019-05-31T14:26:41","modified_gmt":"2019-05-31T14:26:41","slug":"semenya-apela-sentencia-obliga-reducir-niveles-testosterona","status":"publish","type":"post","link":"https:\/\/colimdo.org\/noticias\/semenya-apela-sentencia-obliga-reducir-niveles-testosterona\/","title":{"rendered":"Semenya apela sentencia que obliga a reducir niveles de testosterona"},"content":{"rendered":"<p>JOHANNESBURGO (ESPN). &#8211; La bicampeona ol\u00edmpica y tricampeona mundial sudafricana Caster Semenya apel\u00f3 la sentencia que la obliga a medicarse para disminuir sus niveles naturales de testosterona si quiere seguir compitiendo como mujer, confirmaron hoy a Efe sus representantes.<\/p>\n<p>&#8220;Soy una mujer y una atleta de clase mundial. La IAAF (Federaci\u00f3n Internacional de Atletismo) no me medicar\u00e1 ni me detendr\u00e1 en ser quien soy&#8221;, se\u00f1al\u00f3 la corredora en su recurso judicial, de acuerdo a un comunicado difundido por sus abogados desde Lausana, Suiza.<\/p>\n<p>La apelaci\u00f3n se interpuso ante el Tribunal Federal Supremo suizo y recurre el veredicto emitido el pasado 1 de mayo por el Tribunal de Arbitraje Deportivo (TAS, con sede en ese pa\u00eds europeo), que aval\u00f3 las disposiciones de la IAAF para restringir los niveles naturales de testosterona en mujeres.<\/p>\n<p>Semenya y su equipo legal defienden su caso como una cuesti\u00f3n de &#8220;derechos humanos fundamentales&#8221; y una batalla contra la discriminaci\u00f3n.<\/p>\n<p>Alegan, adem\u00e1s, que la normativa de la IAAF contraviene los principios de salud p\u00fablica suizos, al imponer medicaci\u00f3n &#8220;indeseada&#8221; e &#8220;innecesaria&#8221; para casos de hiperandrogenismo (altos niveles de testosterona en sangre), como el de la atleta sudafricana.<\/p>\n<p>No hay protocolos para la aplicaci\u00f3n de esa medicaci\u00f3n, a\u00f1aden, y las consecuencias para la salud son &#8220;inciertas&#8221;.<\/p>\n<p>&#8220;Las regulaciones de la IAAF violan los principios m\u00e1s fundamentales de las pol\u00edticas p\u00fablicas suizas. En la carrera por la justicia, los derechos humanos deben prevalecer sobre los intereses deportivos&#8221;, se\u00f1al\u00f3 en el texto Dorothee Schramm, la abogada que liderar\u00e1 ahora la apelaci\u00f3n.<\/p>\n<p>La Federaci\u00f3n Sudafricana de Atletismo (ASA) tambi\u00e9n manifest\u00f3 a mediados de este mes su intenci\u00f3n de apelar el veredicto del TAS.<\/p>\n<p>Seg\u00fan las nuevas reglas de la IAAF, toda atleta que quiera participar en pruebas de entre 400 y la milla tiene que mantener unos niveles de testosterona inferiores a 5 nanomoles por litro de sangre durante los seis meses precedentes a una competici\u00f3n.<\/p>\n<p>Anteriormente, el umbral de tolerancia para los niveles de testosterona estaba en los 10 nanomoles y ahora se reduce a la mitad porque, seg\u00fan estudios a los que alude la IAAF, una mayor proporci\u00f3n aumenta un 4,4 % la masa muscular, entre un 12 y un 26 % la fuerza y un 7,8 % la hemoglobina.<\/p>\n<p>Semenya, de 28 a\u00f1os, es una de las deportistas con hiperandrogenismo m\u00e1s conocidas del mundo y es doble campeona ol\u00edmpica de 800 metros en Londres 2012 y R\u00edo 2016.<\/p>\n<p>La decisi\u00f3n de la IAAF provoc\u00f3 mucha divisi\u00f3n en la esfera deportiva, con atletas a favor de que Semenya pueda competir tal y como es, sin necesidad de alterar su organismo para adaptarlo a unos niveles artificiales de testosterona.<\/p>\n<p>La campeona sudafricana, muy querida en su pa\u00eds y en el continente africano, ha empezado igualmente a entrenarse para correr distancias superiores.<\/p>\n","protected":false},"excerpt":{"rendered":"<p>&#8220;Soy una mujer y una atleta de clase mundial. La IAAF (Federaci\u00f3n Internacional de Atletismo) no me medicar\u00e1 ni me detendr\u00e1 en ser quien soy&#8221;, se\u00f1al\u00f3 la corredora en su recurso judicial, de acuerdo a un comunicado difundido por sus abogados desde Lausana, Suiza.<\/p>\n","protected":false},"author":16,"featured_media":54702,"comment_status":"closed","ping_status":"closed","sticky":false,"template":"","format":"standard","meta":[],"categories":[2,60],"tags":[],"acf":[],"_links":{"self":[{"href":"https:\/\/colimdo.org\/wp-api\/wp\/v2\/posts\/54701"}],"collection":[{"href":"https:\/\/colimdo.org\/wp-api\/wp\/v2\/posts"}],"about":[{"href":"https:\/\/colimdo.org\/wp-api\/wp\/v2\/types\/post"}],"author":[{"embeddable":true,"href":"https:\/\/colimdo.org\/wp-api\/wp\/v2\/users\/16"}],"replies":[{"embeddable":true,"href":"https:\/\/colimdo.org\/wp-api\/wp\/v2\/comments?post=54701"}],"version-history":[{"count":1,"href":"https:\/\/colimdo.org\/wp-api\/wp\/v2\/posts\/54701\/revisions"}],"predecessor-version":[{"id":54703,"href":"https:\/\/colimdo.org\/wp-api\/wp\/v2\/posts\/54701\/revisions\/54703"}],"wp:featuredmedia":[{"embeddable":true,"href":"https:\/\/colimdo.org\/wp-api\/wp\/v2\/media\/54702"}],"wp:attachment":[{"href":"https:\/\/colimdo.org\/wp-api\/wp\/v2\/media?parent=54701"}],"wp:term":[{"taxonomy":"category","embeddable":true,"href":"https:\/\/colimdo.org\/wp-api\/wp\/v2\/categories?post=54701"},{"taxonomy":"post_tag","embeddable":true,"href":"https:\/\/colimdo.org\/wp-api\/wp\/v2\/tags?post=54701"}],"curies":[{"name":"wp","href":"https:\/\/api.w.org\/{rel}","templated":true}]}}