{"id":54714,"date":"2019-05-31T16:22:16","date_gmt":"2019-05-31T16:22:16","guid":{"rendered":"https:\/\/colimdo.org\/?p=54714"},"modified":"2019-05-31T16:22:16","modified_gmt":"2019-05-31T16:22:16","slug":"paulino-oleo-dominan-100-metros-lisos-del-campeonato-nacional-atletismo","status":"publish","type":"post","link":"https:\/\/colimdo.org\/noticias\/paulino-oleo-dominan-100-metros-lisos-del-campeonato-nacional-atletismo\/","title":{"rendered":"Paulino y De \u00d3leo dominan en 100 metros lisos del Campeonato Nacional de Atletismo"},"content":{"rendered":"<p class=\"x_MsoNormal\"><b><span lang=\"ES-DO\">SANTO DOMINGO.\u00a0<\/span><\/b><span lang=\"ES-DO\">La banileja Marileidy Paulino volvi\u00f3 a mostrar su potencial y dominio en la reina madre del atletismo, mientras que Mayobanex De \u00d3leo surgi\u00f3 como la gran figura en la que aparentemente no era su fiesta y gan\u00f3 los 100 metros planos en la rama masculina del Campeonato Nacional de Atletismo Superior.<\/span><\/p>\n<p class=\"x_MsoNormal\"><span lang=\"ES-DO\">Los atletas sure\u00f1os (De \u00d3leo es nativo de Batey 4, Bahoruco) dieron a sus respectivas provincias una medalla de oro en el primer d\u00eda de competencia del evento dedicado al reverendo Eulogio Casta\u00f1os Hern\u00e1ndez, director del colegio San Judas Tadeo.<\/span><\/p>\n<p class=\"x_MsoNormal\"><span lang=\"ES-DO\">Paulino, quien no ha conocido oponentes que la detenga desde hace tres a\u00f1os irrumpi\u00f3 como la fuerza dominante de los 100 y 200 metros, domino con facilidad los 100 metros femenino con tiempo de 11.55.<\/span><\/p>\n<p class=\"x_MsoNormal\"><span lang=\"ES-DO\">La tambi\u00e9n atleta de la Fuerza A\u00e9rea releg\u00f3 a la plata y el bronce a sus compa\u00f1eras de instituci\u00f3n Marielys S\u00e1nchez (11.67) y Martha M\u00e9ndez (11.87), de la Provincia Santo Domingo e Independencia, respectivamente.<\/span><\/p>\n<p class=\"x_MsoNormal\"><span lang=\"ES-DO\">De su parte, De \u00d3leo irrumpi\u00f3 como campe\u00f3n en una prueba polarizada en el pasado reciente por Yancarlos Mart\u00ednez, Christopher Valdez y Yohandris And\u00fajar, quienes no s\u00f3lo fueron derrotados por el sure\u00f1o, sino que se quedaron fuera del cuadro de medallas.<\/span><\/p>\n<p class=\"x_MsoNormal\"><span lang=\"ES-DO\">De \u00d3leo se impuso con registro de 10.35 en una final extremadamente re\u00f1ida y definida a trav\u00e9s del \u201cfoto finish\u201d. Jos\u00e9 Gonz\u00e1lez, de la provincia Peravia (Ban\u00ed), con 10-38 y Raymond Urbino, de Santiago, con tiempo de 10.40, ganaron la medalla de plata y de bronce, sucesivamente.\u00a0<\/span>And\u00fajar termin\u00f3 en cuarto lugar con 10. 40, Valdez en quinto con 10.41 y Mart\u00ednez s\u00e9ptimo con 10.53.<\/p>\n<p class=\"x_MsoNormal\"><span lang=\"ES-DO\">Otros campeones<\/span><\/p>\n<p class=\"x_MsoNormal\"><span lang=\"ES-DO\">Johenli Guti\u00e9rrez (del Distrito Nacional), Frank Medina y Mayel\u00edn L\u00f3pez (ambos de El Seibo), Ana Jos\u00e9 Tim\u00e1 (La Romana), Domingo Reyes (Barahona), Rosa \u00c1ngel Ram\u00edrez (San Pedro de Macor\u00eds y Emilio Santana (Puerto Plata) se repartieron las medallas de oro en las restantes finales disputadas ayer en las pistas del Estadio Ol\u00edmpico F\u00e9lix S\u00e1nchez, escenario del evento.<\/span><\/p>\n<p class=\"x_MsoNormal\"><span lang=\"ES-DO\">\u00a0La primera jornada mostr\u00f3 el alto nivel competitivo cuando s\u00f3lo El Seibo pudo tener a dos campeones en el torneo que patrocina el Ministerio de Deportes, a trav\u00e9s de los fondos de los Juegos Panamericanos de Lima 2019 (Per\u00fa).<\/span><\/p>\n<p class=\"x_MsoNormal\"><span lang=\"ES-DO\">Guti\u00e9rrez venci\u00f3 en 5000 metros femenino con tiempo de 18:31.90 y Medina se impuso en masculino con 15:36.13. Tim\u00e1 gan\u00f3 el salto de longitud con marca de 5.99 metros y Reyes fue el campe\u00f3n en varones con 7.29m.<\/span><\/p>\n<p class=\"x_MsoNormal\"><span lang=\"ES-DO\">L\u00f3pez se impuso en lanzamiento de la jabalina con marca de 44.12 y en bala femenino, la petromacorisana Ram\u00edrez gan\u00f3 la de oro con 15.82. Mientras que en masculino el vencedor fue el puertoplatense Santana, 15.51m.<\/span><\/p>\n<p class=\"x_MsoNormal\"><b><span lang=\"ES-DO\">Trabajar por la ni\u00f1ez<\/span><\/b><\/p>\n<p class=\"x_MsoNormal\"><span lang=\"ES-DO\">El reverendo Eulogio Casta\u00f1os Hern\u00e1ndez llam\u00f3 a la Federaci\u00f3n Dominicana de Atletismo y a los presidentes de Asociaciones, continuar realizando el trabajo de desarrollo que realizan a favor de la ni\u00f1ez y de la juventud.<\/span><\/p>\n<p class=\"x_MsoNormal\"><span lang=\"ES-DO\">Hizo el llamado al recibir una placa de reconocimiento, por la dedicatoria del campeonato a su persona. El director del colegio San Judas Tadeo dijo tambi\u00e9n que el atletismo y el deporte en general pueden seguir contando con la colaboraci\u00f3n que desde a\u00f1o d\u00e9cadas ofrece el centro de estudios que dirige.<\/span><\/p>\n<p class=\"x_MsoNormal\"><span lang=\"ES-DO\">\u201cPueden seguir contando con el centro que dirijo, con esa humilde colaboraci\u00f3n institucional y personal que ofrecemos al deporte y en particular al atletismo\u201d, manifest\u00f3. Agradeci\u00f3 la dedicatoria del evento.<\/span><\/p>\n<p class=\"x_MsoNormal\"><span lang=\"ES-DO\">Mientras que Gerardo Suero Correa, presidente de la Federaci\u00f3n Dominicana de Asociaciones de Atletismo (FDAA) resalt\u00f3 los m\u00e9ritos acumulados por Casta\u00f1os Hern\u00e1ndez, as\u00ed como su filantrop\u00eda, pasi\u00f3n y entrega por el atletismo.<\/span><\/p>\n<p class=\"x_MsoNormal\"><span lang=\"ES-DO\">El campeonato que finaliza este s\u00e1bado por la noche es puntuable para los \u00a0Juegos Panamericanos de Lima 2019 (se celebrar\u00e1n del 26 de julio al 11 de agosto en Per\u00fa) y los Mundiales de Atletismo de Doha, Qatar (26 de septiembre-7 de agosto).<\/span><\/p>\n<p class=\"x_MsoNormal\"><span lang=\"ES-DO\">Adem\u00e1s, los atletas persiguen las marcas m\u00ednimas para clasificar al Grand Prix de Cali, Colombia, que se realizar\u00e1 el 18 de junio, y al Campeonato Norte, Centroamericano y del Caribe (NACAC) Sub-23, que tendr\u00e1 lugar el pr\u00f3ximo mes en Quer\u00e9taro, M\u00e9xico.<\/span><\/p>\n","protected":false},"excerpt":{"rendered":"<p>Los atletas sure\u00f1os (De \u00d3leo es nativo de Batey 4, Bahoruco) dieron a sus respectivas provincias una medalla de oro en el primer d\u00eda de competencia del evento dedicado al reverendo Eulogio Casta\u00f1os Hern\u00e1ndez, director del colegio San Judas Tadeo.<\/p>\n","protected":false},"author":16,"featured_media":54717,"comment_status":"closed","ping_status":"closed","sticky":false,"template":"","format":"standard","meta":[],"categories":[2,60],"tags":[],"acf":[],"_links":{"self":[{"href":"https:\/\/colimdo.org\/wp-api\/wp\/v2\/posts\/54714"}],"collection":[{"href":"https:\/\/colimdo.org\/wp-api\/wp\/v2\/posts"}],"about":[{"href":"https:\/\/colimdo.org\/wp-api\/wp\/v2\/types\/post"}],"author":[{"embeddable":true,"href":"https:\/\/colimdo.org\/wp-api\/wp\/v2\/users\/16"}],"replies":[{"embeddable":true,"href":"https:\/\/colimdo.org\/wp-api\/wp\/v2\/comments?post=54714"}],"version-history":[{"count":1,"href":"https:\/\/colimdo.org\/wp-api\/wp\/v2\/posts\/54714\/revisions"}],"predecessor-version":[{"id":54718,"href":"https:\/\/colimdo.org\/wp-api\/wp\/v2\/posts\/54714\/revisions\/54718"}],"wp:featuredmedia":[{"embeddable":true,"href":"https:\/\/colimdo.org\/wp-api\/wp\/v2\/media\/54717"}],"wp:attachment":[{"href":"https:\/\/colimdo.org\/wp-api\/wp\/v2\/media?parent=54714"}],"wp:term":[{"taxonomy":"category","embeddable":true,"href":"https:\/\/colimdo.org\/wp-api\/wp\/v2\/categories?post=54714"},{"taxonomy":"post_tag","embeddable":true,"href":"https:\/\/colimdo.org\/wp-api\/wp\/v2\/tags?post=54714"}],"curies":[{"name":"wp","href":"https:\/\/api.w.org\/{rel}","templated":true}]}}