{"id":54732,"date":"2019-05-31T22:27:18","date_gmt":"2019-05-31T22:27:18","guid":{"rendered":"https:\/\/colimdo.org\/?p=54732"},"modified":"2019-05-31T22:27:18","modified_gmt":"2019-05-31T22:27:18","slug":"chavez-gana-etapa-19-del-giro-italia-la-carapaz-sigue-lider","status":"publish","type":"post","link":"https:\/\/colimdo.org\/noticias\/chavez-gana-etapa-19-del-giro-italia-la-carapaz-sigue-lider\/","title":{"rendered":"Ch\u00e1vez gana etapa 19 del Giro de Italia en la que Carapaz sigue l\u00edder"},"content":{"rendered":"<p>SAN MARTINO DI CASTROZZA, Italy (AP) \u2014 El colombiano Esteban Chaves se llev\u00f3 una emocionante victoria en la 19na etapa del Giro de Italia el viernes, al tiempo que el ecuatoriano Richard Carapaz retuvo la camiseta de l\u00edder general.<\/p>\n<p>Fue la primeras victoria para Chaves desde que se le diagnostic\u00f3 el virus Epstein-Barr cuando compet\u00eda en el Giro el a\u00f1o pasado y estuvo fuera de acci\u00f3n por ocho meses.<\/p>\n<p>\u201cEs pura felicidad\u201d, dijo Chaves. \u201cMe quita un peso de encima. Es un alivio volver a ganar. Muestra que lo puedo hacer\u201d.<\/p>\n<p>Chaves, del equipo Mitchelton-Scott, cruz\u00f3 la meta 10 segundos delante del italiano Andrea Vendrame, que tuvo dos fallas mec\u00e1nicas en los \u00faltimos cuatro kil\u00f3metros del cierre cuesta arriba a San Martino di Castrozza.<\/p>\n<div id=\"div-gpt-ad-1470255291270-0\" class=\"DFPSlot\" data-key=\"ad-placeholder\" data-google-query-id=\"CMrVuvnnxuICFYd8wQod4a0JXw\">\n<p>Amaro Antunes fue tercero, 12 segundos detr\u00e1s de Chaves, al final de la ruta de 151 kil\u00f3metros desde Treviso.<\/p>\n<p>El tr\u00edo hab\u00eda sido parte de un grupo de 11 ciclistas que se despeg\u00f3 temprano en la etapa y Chaves lo redujo con una serie de ataques en el ascenso final.<\/p>\n<p>\u201cComo el \u00faltimo ascenso no fue tan empinado, tuve que atacar muchas, muchas veces\u201d, dijo Chaves. \u201cMuchas gracias a todos los que me apoyaron cuando tuve un momento dif\u00edcil\u201d.<\/p>\n<p>Carapaz sigue 1 minuto, 54 segundos delante de Vincenzo Nibali y 2:16 delante de Primoz Roglic.<\/p>\n<p>\u201cEs otro buen d\u00eda para nosotros y estamos ansiosos por la carrera de ma\u00f1ana\u201d, dijo Carapaz. \u201cEstamos listos para defender la camiseta rosa en una etapa m\u00e1s dif\u00edcil que la de hoy\u201d.<\/p>\n<p>La pen\u00faltima etapa el s\u00e1bado es la \u00faltima oportunidad que tienen los rivales de Carapaz para acercarse significativamente al ecuatoriano antes de la contrarreloj del domingo en Verona.<\/p>\n<p>La 20ma etapa es un tramo de monta\u00f1a con cinco ascensos largos categorizados en los Dolomitas a lo largo de una ruta de 194 kil\u00f3metros de Feltre a Croce d\u2019Aune-Monte Avena.<\/p>\n<\/div>\n","protected":false},"excerpt":{"rendered":"<p>SAN MARTINO DI CASTROZZA, Italy (AP) \u2014 El colombiano Esteban Chaves se llev\u00f3 una emocionante victoria en la 19na etapa del Giro de Italia el viernes, al tiempo que el ecuatoriano Richard Carapaz retuvo la camiseta de l\u00edder general. Fue la primeras victoria para Chaves desde que se le diagnostic\u00f3 el virus Epstein-Barr cuando compet\u00eda [&hellip;]<\/p>\n","protected":false},"author":9,"featured_media":54733,"comment_status":"closed","ping_status":"closed","sticky":false,"template":"","format":"standard","meta":[],"categories":[2,60],"tags":[],"acf":[],"_links":{"self":[{"href":"https:\/\/colimdo.org\/wp-api\/wp\/v2\/posts\/54732"}],"collection":[{"href":"https:\/\/colimdo.org\/wp-api\/wp\/v2\/posts"}],"about":[{"href":"https:\/\/colimdo.org\/wp-api\/wp\/v2\/types\/post"}],"author":[{"embeddable":true,"href":"https:\/\/colimdo.org\/wp-api\/wp\/v2\/users\/9"}],"replies":[{"embeddable":true,"href":"https:\/\/colimdo.org\/wp-api\/wp\/v2\/comments?post=54732"}],"version-history":[{"count":1,"href":"https:\/\/colimdo.org\/wp-api\/wp\/v2\/posts\/54732\/revisions"}],"predecessor-version":[{"id":54734,"href":"https:\/\/colimdo.org\/wp-api\/wp\/v2\/posts\/54732\/revisions\/54734"}],"wp:featuredmedia":[{"embeddable":true,"href":"https:\/\/colimdo.org\/wp-api\/wp\/v2\/media\/54733"}],"wp:attachment":[{"href":"https:\/\/colimdo.org\/wp-api\/wp\/v2\/media?parent=54732"}],"wp:term":[{"taxonomy":"category","embeddable":true,"href":"https:\/\/colimdo.org\/wp-api\/wp\/v2\/categories?post=54732"},{"taxonomy":"post_tag","embeddable":true,"href":"https:\/\/colimdo.org\/wp-api\/wp\/v2\/tags?post=54732"}],"curies":[{"name":"wp","href":"https:\/\/api.w.org\/{rel}","templated":true}]}}