{"id":54772,"date":"2019-06-01T15:53:18","date_gmt":"2019-06-01T15:53:18","guid":{"rendered":"https:\/\/colimdo.org\/?p=54772"},"modified":"2019-06-01T16:02:47","modified_gmt":"2019-06-01T16:02:47","slug":"muere-reyes-ex-medio-campista-espana","status":"publish","type":"post","link":"https:\/\/colimdo.org\/noticias\/muere-reyes-ex-medio-campista-espana\/","title":{"rendered":"Muere en accidente Reyes, ex medio campista de Espa\u00f1a"},"content":{"rendered":"<p>MADRID (AP) \u2014 El exjugador de Sevilla y Espa\u00f1a Jos\u00e9 Antonio Reyes, que gan\u00f3 cinco t\u00edtulos de la Europa Liga y fue parte del equipo de los \u201cInvencibles\u201d de Arsenal, muri\u00f3 en un accidente de tr\u00e1nsito el s\u00e1bado a la edad de 35 a\u00f1os.<\/p>\n<p>Sevilla y el club de la segunda divisi\u00f3n espa\u00f1ola Extremadura, donde Reyes jug\u00f3 la campa\u00f1a pasada, confirmaron la muerte.<\/p>\n<p>\u2033\u201cNo podr\u00edamos ofrecer una noticia peor. Ha fallecido en accidente de tr\u00e1fico nuestro querido canterano Jos\u00e9 Antonio Reyes. Descanse en paz, dijo Sevilla en Twitter.<\/p>\n<p>Reyes jug\u00f3 adem\u00e1s para Atl\u00e9tico de Madrid y Real Madrid, entre otros clubes en una carrera profesional de casi 20 a\u00f1os, tras debutar con Sevilla a los 16.<\/p>\n","protected":false},"excerpt":{"rendered":"<p>MADRID (AP) \u2014 El exjugador de Sevilla y Espa\u00f1a Jos\u00e9 Antonio Reyes, que gan\u00f3 cinco t\u00edtulos de la Europa Liga y fue parte del equipo de los \u201cInvencibles\u201d de Arsenal, muri\u00f3 en un accidente de tr\u00e1nsito el s\u00e1bado a la edad de 35 a\u00f1os. Sevilla y el club de la segunda divisi\u00f3n espa\u00f1ola Extremadura, donde [&hellip;]<\/p>\n","protected":false},"author":9,"featured_media":54773,"comment_status":"closed","ping_status":"closed","sticky":false,"template":"","format":"standard","meta":[],"categories":[2,60],"tags":[],"acf":[],"_links":{"self":[{"href":"https:\/\/colimdo.org\/wp-api\/wp\/v2\/posts\/54772"}],"collection":[{"href":"https:\/\/colimdo.org\/wp-api\/wp\/v2\/posts"}],"about":[{"href":"https:\/\/colimdo.org\/wp-api\/wp\/v2\/types\/post"}],"author":[{"embeddable":true,"href":"https:\/\/colimdo.org\/wp-api\/wp\/v2\/users\/9"}],"replies":[{"embeddable":true,"href":"https:\/\/colimdo.org\/wp-api\/wp\/v2\/comments?post=54772"}],"version-history":[{"count":2,"href":"https:\/\/colimdo.org\/wp-api\/wp\/v2\/posts\/54772\/revisions"}],"predecessor-version":[{"id":54775,"href":"https:\/\/colimdo.org\/wp-api\/wp\/v2\/posts\/54772\/revisions\/54775"}],"wp:featuredmedia":[{"embeddable":true,"href":"https:\/\/colimdo.org\/wp-api\/wp\/v2\/media\/54773"}],"wp:attachment":[{"href":"https:\/\/colimdo.org\/wp-api\/wp\/v2\/media?parent=54772"}],"wp:term":[{"taxonomy":"category","embeddable":true,"href":"https:\/\/colimdo.org\/wp-api\/wp\/v2\/categories?post=54772"},{"taxonomy":"post_tag","embeddable":true,"href":"https:\/\/colimdo.org\/wp-api\/wp\/v2\/tags?post=54772"}],"curies":[{"name":"wp","href":"https:\/\/api.w.org\/{rel}","templated":true}]}}