{"id":54779,"date":"2019-06-01T18:04:01","date_gmt":"2019-06-01T18:04:01","guid":{"rendered":"https:\/\/colimdo.org\/?p=54779"},"modified":"2019-06-01T18:04:01","modified_gmt":"2019-06-01T18:04:01","slug":"carapaz-mas-cerca-conquistar-giro-bilbao-gana-etapa-20","status":"publish","type":"post","link":"https:\/\/colimdo.org\/noticias\/carapaz-mas-cerca-conquistar-giro-bilbao-gana-etapa-20\/","title":{"rendered":"Carapaz m\u00e1s cerca de conquistar el Giro; Bilbao gana etapa 20"},"content":{"rendered":"<p>CROCE D\u2019AUNE-MONTE AVENA, Italia (AP) \u2014 El ecuatoriano Richard Carapaz dio un enorme paso hacia el triunfo en el Giro de Italia, preservando el s\u00e1bado su ventaja en la punta al final de la pen\u00faltima etapa, que fue ganada por el espa\u00f1ol Pello Bilbao.<\/p>\n<p>Carapaz, del equipo Movistar, sigue 1 minuto y 54 segundos delante de Vincenzo Nibali antes de la contrarreloj final en Verona el domingo.<\/p>\n<p>\u201cTratamos de ganar la etapa con Mikel Landa y conmigo para retener la camiseta rosa, pero nos perdimos la etapa por muy poco\u201d, dijo Carapaz. \u201cSin embargo, estamos felices de como sali\u00f3 todo. Pienso que 1:54 sobre Nibali es suficiente aunque cualquier cosa puede suceder en una contrarreloj final\u201d.<\/p>\n<p>Landa rebas\u00f3 a Primox Roglic y est\u00e1 tercero, 2:53 debajo de Carapaz, tras finalizar segundo en el sprint con Bilbao al final de la ruta de 194 kil\u00f3metros (121 millas) de Feltre a Croce d\u2019Aune-Monte Avena, que tuvo cinco ascensos largos categorizados den los Dolomitas.<\/p>\n<p>Fue la segunda victoria de Bilbao en un Grand Tour luego que ganar la 7ma etapa.<\/p>\n<p>\u201cYo sab\u00eda que Carapaz le iba a dar la victoria a Landa as\u00ed que segu\u00ed la mejor rueda\u201d, dijo Bilbao. \u201cMi primera victoria fue especial. Esta segunda es a\u00fan mejor porque es una gran etapa de monta\u00f1a. Cuando los ciclistas de GC nos alcanzaron pens\u00e9 que ser\u00eda dif\u00edcil pero ellos se cansaron tambi\u00e9n\u201d.<\/p>\n<p>Giulio Ciccone fue tercero, dos segundos detr\u00e1s.<\/p>\n<p>Miguel \u00c1ngel L\u00f3pez ten\u00eda esperanzas de competir por una victoria en la etapa, pero choc\u00f3 con un fan\u00e1tico que corr\u00eda junto a \u00e9l para alentarlo pero tropez\u00f3 con otro espectador y cay\u00f3 contra el ciclista. Cuando L\u00f3pez se levant\u00f3 abofete\u00f3 al fan\u00e1tico. Un L\u00f3pez evidentemente a\u00fan furioso cruz\u00f3 la meta en 18vo puesto, 1:49 detr\u00e1s de los l\u00edderes.<\/p>\n<p>\u201cLo siento por lo que sucedi\u00f3, fue pura adrenalina. Pero tiene que haber m\u00e1s respeto por los ciclistas\u201d, dijo L\u00f3pez.<\/p>\n<p>Otro incidente con un espectador le cost\u00f3 a Roglic, que fue empujado por espectador y no intento empujarlo y fue penalizado 10 segundos por el jurado de la carrera. Roglic finaliz\u00f3 50 segundos detr\u00e1s de Carapaz, que ahora le lleva 3:06. El esloveno es un especialista en contrarreloj y espera al menos finalizar la carrera de tres semanas en el podio.<\/p>\n","protected":false},"excerpt":{"rendered":"<p>CROCE D\u2019AUNE-MONTE AVENA, Italia (AP) \u2014 El ecuatoriano Richard Carapaz dio un enorme paso hacia el triunfo en el Giro de Italia, preservando el s\u00e1bado su ventaja en la punta al final de la pen\u00faltima etapa, que fue ganada por el espa\u00f1ol Pello Bilbao. Carapaz, del equipo Movistar, sigue 1 minuto y 54 segundos delante [&hellip;]<\/p>\n","protected":false},"author":9,"featured_media":54780,"comment_status":"closed","ping_status":"closed","sticky":false,"template":"","format":"standard","meta":[],"categories":[2,60],"tags":[],"acf":[],"_links":{"self":[{"href":"https:\/\/colimdo.org\/wp-api\/wp\/v2\/posts\/54779"}],"collection":[{"href":"https:\/\/colimdo.org\/wp-api\/wp\/v2\/posts"}],"about":[{"href":"https:\/\/colimdo.org\/wp-api\/wp\/v2\/types\/post"}],"author":[{"embeddable":true,"href":"https:\/\/colimdo.org\/wp-api\/wp\/v2\/users\/9"}],"replies":[{"embeddable":true,"href":"https:\/\/colimdo.org\/wp-api\/wp\/v2\/comments?post=54779"}],"version-history":[{"count":1,"href":"https:\/\/colimdo.org\/wp-api\/wp\/v2\/posts\/54779\/revisions"}],"predecessor-version":[{"id":54781,"href":"https:\/\/colimdo.org\/wp-api\/wp\/v2\/posts\/54779\/revisions\/54781"}],"wp:featuredmedia":[{"embeddable":true,"href":"https:\/\/colimdo.org\/wp-api\/wp\/v2\/media\/54780"}],"wp:attachment":[{"href":"https:\/\/colimdo.org\/wp-api\/wp\/v2\/media?parent=54779"}],"wp:term":[{"taxonomy":"category","embeddable":true,"href":"https:\/\/colimdo.org\/wp-api\/wp\/v2\/categories?post=54779"},{"taxonomy":"post_tag","embeddable":true,"href":"https:\/\/colimdo.org\/wp-api\/wp\/v2\/tags?post=54779"}],"curies":[{"name":"wp","href":"https:\/\/api.w.org\/{rel}","templated":true}]}}