{"id":54782,"date":"2019-06-01T06:24:26","date_gmt":"2019-06-01T06:24:26","guid":{"rendered":"https:\/\/colimdo.org\/?p=54782"},"modified":"2019-06-01T23:55:11","modified_gmt":"2019-06-01T23:55:11","slug":"nunez-mejia-secilia-consiguen-sendos-nocauts-apertura-copa-esmeralda","status":"publish","type":"post","link":"https:\/\/colimdo.org\/noticias\/nunez-mejia-secilia-consiguen-sendos-nocauts-apertura-copa-esmeralda\/","title":{"rendered":"N\u00fa\u00f1ez, Mej\u00eda y Secilia consiguen sendos nocauts en apertura Copa Esmeralda"},"content":{"rendered":"<div>MONTE PLATA.- Enmanuel Javier, del Sur, Francisco Albert N\u00fa\u00f1ez, representante del Norte, Smerlyn Manuel Mej\u00eda, del Distrito Nacional y Ram\u00f3n Secilia, de la provincia Santo Domingo, triunfaron anoche en sus respectivos combates, durante la velada inaugural de la Copa Esmeralda de Boxeo, que se escenifica en el polideportivo techado Santo \u00c1ngel Peguero \u00a0de esta ciudad, dedicada a la lucha contra el trabajo infantil.<\/div>\n<div>\n<p>Javier se impuso 3-2 al capitale\u00f1o Manuel G\u00f3mez, en tanto N\u00fa\u00f1ez, Mej\u00eda y Secilia dispusieron mediante sendos nocauts (RSC) de Annerio Espinosa, de la Provincia Santo Domingo, Junior Alc\u00e1ntara, de la regi\u00f3n Este, y Welington Cabrera, de la capital.<\/p>\n<p>El\u00a0 evento cuenta con la participaci\u00f3n de p\u00fagiles de todas las regiones de la Rep\u00fablica Dominicana.<\/p>\n<p>Ceremonia y reconocimientos<\/p>\n<p>La ceremonia inici\u00f3 a las 6:00 inaugural inici\u00f3 a las 6:00 de \u00a0la tarde con el desfile de las delegaciones, teniendo como punto de partida el Parque Municipal y terminando en el polideportivo techado Santo \u00c1ngel Peguero.<\/p>\n<p>En el bajo techo se desarroll\u00f3 el resto del programa, que incluy\u00f3 una presentaci\u00f3n art\u00edstica y cultural, as\u00ed como palabras del alcalde de Monte Plata, Jes\u00fas Contreras; de la licenciada Sof\u00eda Azcona, en representaci\u00f3n del presidente del Comit\u00e9 Organizador, licenciado Winston Santos; as\u00ed como de Bernardo Mesa (Tony), representando al ministro de Deportes, licenciado Danilo D\u00edaz.<\/p>\n<p>El Juramento deportivo, estuvo \u00a0a cargo del atleta Javier Antonio Acosta, de la delegaci\u00f3n de Monte Plata. De su lado, Kelly Carmen Carpio realiz\u00f3 el juramento a los jueces.<\/p>\n<p>En el marco del acto tambi\u00e9n fueron \u00a0reconocidas varias figuras de la provincia Monte Plata, por sus aportes a esa demarcaci\u00f3n, que se ha convertido en una potencia del deporte nacional e internacional.<\/p>\n<p>Entre los reconocidos destaca un homenaje p\u00f3stumo a H\u00e9ctor Delgado, alcalde de Bayaguana reci\u00e9n fallecido. Tambi\u00e9n se rindi\u00f3 tributo a Mart\u00edn Zapata, viceministro de Hacienda, \u00a0a la alcaldesa de Sabana Grande de Boy\u00e1 Bertilia Fern\u00e1ndez y a la conocida \u2018dama del deporte de Monte Plata\u2019, viceministra de Obras P\u00fablicas, Carmen Leyda Mora.<\/p>\n<p>Los reconocimientos fueron entregados por el licenciado Primitivo Cadete, destacado periodista, presidente de la Asociaci\u00f3n de Boxeo de Monte Plata, y la licenciada Sof\u00eda Azcona.<\/p>\n<p>\u201cEl entusiasmo es desbordante\u201d, proclam\u00f3 Jes\u00fas Contreras, alcalde de Monte Plata, quien expuso que el municipio est\u00e1 preparado para ofrecer una c\u00e1lida bienvenida a quienes visiten a la provincia con motivo de la Copa Esmeralda.<\/p>\n<p>De su lado, el gobernador de Monte Plata Nicio Rosario, resalt\u00f3 la tradici\u00f3n deportiva de la provincia y destac\u00f3 que un evento como la Copa Esmeralda vienen a fortalecer la condici\u00f3n de \u201cpotencia deportiva nacional e internacional\u201d de Monte Plata.<\/p>\n<p>\u201cDesde este viernes y hasta el domingo, Monte Plata ser\u00e1 la capital del boxeo dominicano\u201d, a\u00f1adi\u00f3.<\/p>\n<p>La alcaldesa Bertilia Fern\u00e1ndez, cuyo municipio Sabana Grande de Boy\u00e1, y quien fue objeto de un merecido reconocimiento, cuyo municipio acogi\u00f3 la versi\u00f3n anterior de la Copa, resalt\u00f3 el hecho de que la justa servir\u00e1 de fogueo para los participantes en ruta a los Juegos Escolares que tambi\u00e9n tendr\u00e1n como sede a Monte Plata.<\/p>\n<p>Tambi\u00e9n, el destacado senador Charlie Mariotti ha manifestado su acostumbrado respaldo a la Copa Esmeralda.<\/p>\n<p>Las competencias del evento contin\u00faan este s\u00e1bado a partir de las 6:00 p.m. en el mismo escenario<\/p>\n<p>La copa, es un evento de la Asociaci\u00f3n de Boxeo de la provincia Monte Plata, que preside el periodista Primitivo Cadete, organizada por un Comit\u00e9 que preside el actual ministro de Trabajo, doctor Winston Santos, el cual integra destacadas\u00a0 figuras de la provincia. Tiene\u00a0 aval de la Federaci\u00f3n de\u00a0 Boxeo, presidida por Juan Vargas.<\/p>\n<\/div>\n","protected":false},"excerpt":{"rendered":"<p>MONTE PLATA.- Enmanuel Javier, del Sur, Francisco Albert N\u00fa\u00f1ez, representante del Norte, Smerlyn Manuel Mej\u00eda, del Distrito Nacional y Ram\u00f3n Secilia, de la provincia Santo Domingo, triunfaron anoche en sus respectivos combates, durante la velada inaugural de la Copa Esmeralda de Boxeo, que se escenifica en el polideportivo techado Santo \u00c1ngel Peguero \u00a0de esta ciudad, [&hellip;]<\/p>\n","protected":false},"author":9,"featured_media":54783,"comment_status":"closed","ping_status":"closed","sticky":false,"template":"","format":"standard","meta":[],"categories":[2,60],"tags":[],"acf":[],"_links":{"self":[{"href":"https:\/\/colimdo.org\/wp-api\/wp\/v2\/posts\/54782"}],"collection":[{"href":"https:\/\/colimdo.org\/wp-api\/wp\/v2\/posts"}],"about":[{"href":"https:\/\/colimdo.org\/wp-api\/wp\/v2\/types\/post"}],"author":[{"embeddable":true,"href":"https:\/\/colimdo.org\/wp-api\/wp\/v2\/users\/9"}],"replies":[{"embeddable":true,"href":"https:\/\/colimdo.org\/wp-api\/wp\/v2\/comments?post=54782"}],"version-history":[{"count":1,"href":"https:\/\/colimdo.org\/wp-api\/wp\/v2\/posts\/54782\/revisions"}],"predecessor-version":[{"id":54784,"href":"https:\/\/colimdo.org\/wp-api\/wp\/v2\/posts\/54782\/revisions\/54784"}],"wp:featuredmedia":[{"embeddable":true,"href":"https:\/\/colimdo.org\/wp-api\/wp\/v2\/media\/54783"}],"wp:attachment":[{"href":"https:\/\/colimdo.org\/wp-api\/wp\/v2\/media?parent=54782"}],"wp:term":[{"taxonomy":"category","embeddable":true,"href":"https:\/\/colimdo.org\/wp-api\/wp\/v2\/categories?post=54782"},{"taxonomy":"post_tag","embeddable":true,"href":"https:\/\/colimdo.org\/wp-api\/wp\/v2\/tags?post=54782"}],"curies":[{"name":"wp","href":"https:\/\/api.w.org\/{rel}","templated":true}]}}