{"id":54801,"date":"2019-06-02T02:58:02","date_gmt":"2019-06-02T02:58:02","guid":{"rendered":"https:\/\/colimdo.org\/?p=54801"},"modified":"2019-06-02T02:58:02","modified_gmt":"2019-06-02T02:58:02","slug":"mujer-acusa-neymar-violarla-padre-del-jugador-dice-trampa","status":"publish","type":"post","link":"https:\/\/colimdo.org\/noticias\/mujer-acusa-neymar-violarla-padre-del-jugador-dice-trampa\/","title":{"rendered":"Mujer acusa a Neymar de violarla; Padre del jugador dice que es trampa"},"content":{"rendered":"<p>Un documento de la polic\u00eda brasile\u00f1a menciona que una mujer no identificada acus\u00f3 a Neymar de violarla en Par\u00eds el mes pasado. El padre del futbolista calific\u00f3 el incidente como una \u201ctrampa\u201d contra su hijo.<\/p>\n<p>El documento obtenido por The Associated Press el s\u00e1bado indica que el incidente ocurri\u00f3 el 15 de mayo a las 8.20 de la noche en un hotel. La mujer acudi\u00f3 a la polic\u00eda el viernes en Sao Paulo.<\/p>\n<p>La Secretar\u00eda de Seguridad P\u00fablica de Sao Paulo, a cargo de la polic\u00eda, confirm\u00f3 en un comunicado que se consign\u00f3 una denuncia, pero no dio detalles.<\/p>\n<p>Los representantes de Neymar no respondieron a consultas por comentarios, pero su padre y agente Neymar dos Santos neg\u00f3 que el jugador del Paris Saint-Germain hubiera cometido un delito en una entrevista televisiva.<\/p>\n<p>Santos dijo que Neymar tuvo relaciones sexuales consensuales con la acusadora y que fue chantajeado por su abogado tras romper.<\/p>\n<p>\u201cEste es un momento complicado. Si no podemos mostrar la verdad de inmediato, ser\u00e1 como una bola de nieve. Si tenemos que mostrar los mensajes de Neymar en WhatsApp y las conversaciones con esta dama, lo vamos a hacer, dijo Neymar dos Santos a TV Band.<\/p>\n<p>Santos sostuvo que tiene pruebas de que su hijo fue chantajeado, con fotos y testigos, pero no las sac\u00f3 a relucir en la entrevista. Tambi\u00e9n dijo que Neymar ya est\u00e1 preparando su defensa para afrontar un caso judicial si es necesario.<\/p>\n<p>La polic\u00eda de Par\u00eds y el fiscal de la ciudad dijeron por medio de portavoces que no estaban al tanto de ninguna denuncia.<\/p>\n<p>La mujer asegura que ella y el delantero de 27 a\u00f1os se encontraron en Francia tras intercambiar mensajes en Instagram. La mujer declar\u00f3 a la polic\u00eda que un representante de Neymar, llamado Gallo, supuestamente le compr\u00f3 pasajes a Par\u00eds y le hizo una reserva de hotel.<\/p>\n<p>A\u00f1adi\u00f3 que Neymar lleg\u00f3 aparentemente borracho al hotel.<\/p>\n<p>La mujer describi\u00f3 a la polic\u00eda que ellos \u201cse tocaron mutuamente, pero que en momento dado Neymar se puso agresivo y, con violencia, tuvo relaciones sexual contra el deseo de la v\u00edctima\u201d.<\/p>\n<p>El documento tambi\u00e9n se\u00f1ala que la mujer se fue de Par\u00eds dos d\u00edas despu\u00e9s y que no present\u00f3 una denuncia en Par\u00eds debido a que estaba alterada. El documento dice que la mujer deber\u00e1 someterse a pruebas m\u00e9dicas como parte de una investigaci\u00f3n.<\/p>\n<p>Neymar se encuentra en Brasil para disputar la Copa Am\u00e9rica que arranca el 14 de junio. Lleg\u00f3 a la Granja Comary, el predio de entrenamientos de la selecci\u00f3n en las afueras de R\u00edo de Janeiro, 10 d\u00edas despu\u00e9s del presunto incidente.<\/p>\n<p>Los jugadores de Brasil tuvieron libre el s\u00e1bado. Neymar se march\u00f3 del predio con otros compa\u00f1eros en su helic\u00f3ptero temprano en el d\u00eda.<\/p>\n<p>El domingo se tiene previsto un evento con el nombre del jugador en R\u00edo, pero su presencia no est\u00e1 asegurada.<\/p>\n<p>Neymar se ha visto en problemas dentro y fuera de la cancha. Una semana antes que trascendiera la acusaci\u00f3n de violaci\u00f3n, perdi\u00f3 la capitan\u00eda de la selecci\u00f3n para la Copa Am\u00e9rica, asignada al veterano lateral Dani Alves. El t\u00e9cnico Tite no explic\u00f3 lo que le motiv\u00f3 para el cambio, pero ten\u00eda que responder a un clamor de sancionar a Neymar por sus problemas de disciplina en el PSG.<\/p>\n<p>Luego que su club perdi\u00f3 ante el modesto Rennes en la final de la Copa de Francia, Neymar protagoniz\u00f3 un altercado con un aficionado y sali\u00f3 a criticar a compa\u00f1ero que no identific\u00f3 por no prestarle suficiente atenci\u00f3n.<\/p>\n<p>Ese fue uno de sus primeros partidos desde enero, cuando sufri\u00f3 una nueva lesi\u00f3n en el quinto metatarsiano del pie derecho. Fue el mismo problema que afect\u00f3 su rendimiento en el pasado Mundial de Rusia, torneo que prefiere olvidar por el desastre que signific\u00f3 para su imagen debido a excederse en la simulaci\u00f3n de faltas.<\/p>\n<p>Los preparadores f\u00edsicos de la Verdamarela dicen que estar\u00e1 en mejor condici\u00f3n al inicio del campeonato sudamericano de selecciones.<\/p>\n<p>Esta semana, Neymar se perdi\u00f3 dos entrenamientos para el torneo debido a molestias en la rodilla izquierda. La Confederaci\u00f3n Brasile\u00f1a inform\u00f3 el viernes que se hab\u00eda recuperado completamente.<\/p>\n<p>El cari\u00f1o de la afici\u00f3n hacia el jugador tambi\u00e9n ha sido erosionado por cuestiones pol\u00edticas, luego que expresara su respaldado al presidente ultraderechista Jair Bolsonaro, quien ha pronunciado una serie de declaraciones de tono racista, mis\u00f3ginos y homof\u00f3bicos.<\/p>\n<p>Mientras Neymar se recuperaba de una lesi\u00f3n, la prensa brasile\u00f1a inform\u00f3 que su padre se reuni\u00f3 con Bolsonaro y el ministro de Econom\u00eda, Paulo Guedes, para abordar los problemas con el fisco del jugador, m\u00e1s exigido que nunca de ganar la Copa Am\u00e9rica como local.<\/p>\n<p>&nbsp;<\/p>\n","protected":false},"excerpt":{"rendered":"<p>Un documento de la polic\u00eda brasile\u00f1a menciona que una mujer no identificada acus\u00f3 a Neymar de violarla en Par\u00eds el mes pasado. El padre del futbolista calific\u00f3 el incidente como una \u201ctrampa\u201d contra su hijo. El documento obtenido por The Associated Press el s\u00e1bado indica que el incidente ocurri\u00f3 el 15 de mayo a las [&hellip;]<\/p>\n","protected":false},"author":9,"featured_media":54802,"comment_status":"closed","ping_status":"closed","sticky":false,"template":"","format":"standard","meta":[],"categories":[2,60],"tags":[],"acf":[],"_links":{"self":[{"href":"https:\/\/colimdo.org\/wp-api\/wp\/v2\/posts\/54801"}],"collection":[{"href":"https:\/\/colimdo.org\/wp-api\/wp\/v2\/posts"}],"about":[{"href":"https:\/\/colimdo.org\/wp-api\/wp\/v2\/types\/post"}],"author":[{"embeddable":true,"href":"https:\/\/colimdo.org\/wp-api\/wp\/v2\/users\/9"}],"replies":[{"embeddable":true,"href":"https:\/\/colimdo.org\/wp-api\/wp\/v2\/comments?post=54801"}],"version-history":[{"count":1,"href":"https:\/\/colimdo.org\/wp-api\/wp\/v2\/posts\/54801\/revisions"}],"predecessor-version":[{"id":54803,"href":"https:\/\/colimdo.org\/wp-api\/wp\/v2\/posts\/54801\/revisions\/54803"}],"wp:featuredmedia":[{"embeddable":true,"href":"https:\/\/colimdo.org\/wp-api\/wp\/v2\/media\/54802"}],"wp:attachment":[{"href":"https:\/\/colimdo.org\/wp-api\/wp\/v2\/media?parent=54801"}],"wp:term":[{"taxonomy":"category","embeddable":true,"href":"https:\/\/colimdo.org\/wp-api\/wp\/v2\/categories?post=54801"},{"taxonomy":"post_tag","embeddable":true,"href":"https:\/\/colimdo.org\/wp-api\/wp\/v2\/tags?post=54801"}],"curies":[{"name":"wp","href":"https:\/\/api.w.org\/{rel}","templated":true}]}}