{"id":54828,"date":"2019-06-02T17:03:50","date_gmt":"2019-06-02T17:03:50","guid":{"rendered":"https:\/\/colimdo.org\/?p=54828"},"modified":"2019-06-02T17:03:50","modified_gmt":"2019-06-02T17:03:50","slug":"aguilas-cibaenas-se-desligan-litis-acciones","status":"publish","type":"post","link":"https:\/\/colimdo.org\/noticias\/aguilas-cibaenas-se-desligan-litis-acciones\/","title":{"rendered":"\u00c1guilas Cibae\u00f1as se desligan de litis por acciones"},"content":{"rendered":"<p class=\"m_-2038541676245808360ydp8ba4c351MsoNormal\"><span lang=\"ES-DO\">El Consejo Directivo de las\u00a0\u00c1guilas\u00a0Cibae\u00f1as desminti\u00f3 que en estos momentos est\u00e9 envuelto en un proceso judicial con los herederos de su fenecido accionista H\u00e9ctor Marrero Oller.<\/span><\/p>\n<p class=\"m_-2038541676245808360ydp8ba4c351MsoNormal\"><span lang=\"ES-DO\">El Consejo emiti\u00f3 por medio de su abogada, licenciada Elsa Trinidad Guti\u00e9rrez Guill\u00e9n, un comunicado de prensa y un video contentivos de las explicaciones y posiciones sobre el tema, que desde el punto de vista de la empresa la opini\u00f3n p\u00fablica debe conocer<\/span><\/p>\n<p class=\"m_-2038541676245808360ydp8ba4c351MsoNormal\" align=\"center\"><b><span lang=\"ES-DO\">DECLARACION PARA LA PRENSA<\/span><\/b><\/p>\n<p class=\"m_-2038541676245808360ydp8ba4c351MsoNormal\"><span lang=\"ES-DO\">\u00c1guilas Cibae\u00f1as SAS tiene dentro de su n\u00f3mina de accionistas al fallecido H\u00e9ctor Marrero Oller. Hace 25 a\u00f1os dicho se\u00f1or falleci\u00f3. 24 a\u00f1os despu\u00e9s de su muerte, es que se han presentado ante \u00c1guilas, tanto un grupo de personas que dice ser sus herederos, como tambi\u00e9n un accionista que reclama ser causahabiente con derechos originados en un testamento.<\/span><\/p>\n<p class=\"m_-2038541676245808360ydp8ba4c351MsoNormal\"><span lang=\"ES-DO\">\u00a0Frente a esa situaci\u00f3n \u00c1guilas Cibae\u00f1as recibi\u00f3 una solicitud de no realizar ning\u00fan tipo de operaciones con esas acciones hasta que termine el conflicto judicial, del cual est\u00e1 apoderada la Sala de Familia del Distrito Nacional.<\/span><\/p>\n<p class=\"m_-2038541676245808360ydp8ba4c351MsoNormal\"><span lang=\"ES-DO\">\u00a0<b>En verdad es un conflicto entre herederos y no con las \u00c1guilas, como ha mal informado el grupo de Herederos a la prensa en el pasado reciente.<\/b><\/span><\/p>\n<p class=\"m_-2038541676245808360ydp8ba4c351MsoNormal\"><span lang=\"ES-DO\">El grupo de herederos de la esposa del fallecido accionista, quien previamente hab\u00eda hecho un testamento para que la venta de esas acciones fuera destinada a instituciones caritativas (Patronato contra el C\u00e1ncer, entre otros), decidieron desconocer esa voluntad y reclamar para s\u00ed mismos, las acciones.<\/span><\/p>\n<p class=\"m_-2038541676245808360ydp8ba4c351MsoNormal\"><span lang=\"ES-DO\">\u00a0Como un mecanismo de presi\u00f3n, el 27 de mayo de 2019, ese grupo entabl\u00f3 una querella penal contra el presidente y el secretario de las \u00c1guilas, con el objetivo de que la instituci\u00f3n les entregue a ellos \u00fanicamente las disputadas acciones del fallecido.<\/span><\/p>\n<p class=\"m_-2038541676245808360ydp8ba4c351MsoNormal\"><b><span lang=\"ES-DO\">Desde hace 25 a\u00f1os y hasta la fecha, \u00c1guilas mantiene las acciones registradas en favor del fallecido Marrero Oller, las cuales no han sido utilizadas<\/span><\/b><span lang=\"ES-DO\">.<\/span><\/p>\n<p class=\"m_-2038541676245808360ydp8ba4c351MsoNormal\"><span lang=\"ES-DO\">Como \u00c1guilas no ha recibido una sentencia irrevocable que decida a quienes, y en qu\u00e9 proporci\u00f3n les corresponden esas acciones, est\u00e1 imposibilitada de colocarse por encima de los tribunales y la ley.<\/span><\/p>\n<p class=\"m_-2038541676245808360ydp8ba4c351MsoNormal\"><span lang=\"ES-DO\">Lamentamos la interposici\u00f3n irresponsable de esa acci\u00f3n penal contra \u00c1guilas, sin embargo, nuestro mayor compromiso es con el respeto a la ley.\u00a0\u00a0<\/span><\/p>\n<p class=\"m_-2038541676245808360ydp8ba4c351MsoNormal\" align=\"center\"><b><span lang=\"ES-DO\">Elsa Trinidad Guti\u00e9rrez Guill\u00e9n<\/span><\/b><\/p>\n<p class=\"m_-2038541676245808360ydp8ba4c351MsoNormal\" align=\"center\"><span lang=\"ES-DO\">Abogada<\/span><\/p>\n","protected":false},"excerpt":{"rendered":"<p>El Consejo Directivo de las\u00a0\u00c1guilas\u00a0Cibae\u00f1as desminti\u00f3 que en estos momentos est\u00e9 envuelto en un proceso judicial con los herederos de su fenecido accionista H\u00e9ctor Marrero Oller. El Consejo emiti\u00f3 por medio de su abogada, licenciada Elsa Trinidad Guti\u00e9rrez Guill\u00e9n, un comunicado de prensa y un video contentivos de las explicaciones y posiciones sobre el tema, [&hellip;]<\/p>\n","protected":false},"author":9,"featured_media":54829,"comment_status":"closed","ping_status":"closed","sticky":false,"template":"","format":"standard","meta":[],"categories":[2,60],"tags":[],"acf":[],"_links":{"self":[{"href":"https:\/\/colimdo.org\/wp-api\/wp\/v2\/posts\/54828"}],"collection":[{"href":"https:\/\/colimdo.org\/wp-api\/wp\/v2\/posts"}],"about":[{"href":"https:\/\/colimdo.org\/wp-api\/wp\/v2\/types\/post"}],"author":[{"embeddable":true,"href":"https:\/\/colimdo.org\/wp-api\/wp\/v2\/users\/9"}],"replies":[{"embeddable":true,"href":"https:\/\/colimdo.org\/wp-api\/wp\/v2\/comments?post=54828"}],"version-history":[{"count":1,"href":"https:\/\/colimdo.org\/wp-api\/wp\/v2\/posts\/54828\/revisions"}],"predecessor-version":[{"id":54830,"href":"https:\/\/colimdo.org\/wp-api\/wp\/v2\/posts\/54828\/revisions\/54830"}],"wp:featuredmedia":[{"embeddable":true,"href":"https:\/\/colimdo.org\/wp-api\/wp\/v2\/media\/54829"}],"wp:attachment":[{"href":"https:\/\/colimdo.org\/wp-api\/wp\/v2\/media?parent=54828"}],"wp:term":[{"taxonomy":"category","embeddable":true,"href":"https:\/\/colimdo.org\/wp-api\/wp\/v2\/categories?post=54828"},{"taxonomy":"post_tag","embeddable":true,"href":"https:\/\/colimdo.org\/wp-api\/wp\/v2\/tags?post=54828"}],"curies":[{"name":"wp","href":"https:\/\/api.w.org\/{rel}","templated":true}]}}