{"id":54837,"date":"2019-06-02T17:12:49","date_gmt":"2019-06-02T17:12:49","guid":{"rendered":"https:\/\/colimdo.org\/?p=54837"},"modified":"2019-06-03T03:31:12","modified_gmt":"2019-06-03T03:31:12","slug":"ecuatoriano-richard-carapaz-conquista-giro-italia","status":"publish","type":"post","link":"https:\/\/colimdo.org\/noticias\/ecuatoriano-richard-carapaz-conquista-giro-italia\/","title":{"rendered":"Ecuatoriano Richard Carapaz conquista el Giro de Italia"},"content":{"rendered":"<p>VERONA, Italia (AP) \u2014 El ecuatoriano Richard Carapaz conquist\u00f3 su primer t\u00edtulo de un Grand Tour el domingo al ganar el Giro de Italia, al cubrir la \u00faltima etapa de la competencia, que culmin\u00f3 en Verona.<\/p>\n<p>Carapaz, del equipo Movistar y que apenas el mi\u00e9rcoles cumpli\u00f3 26 a\u00f1os, se recost\u00f3 emocionado sobre el manubrio dentro de la Arena de Verona tras completar la prueba individual contrarreloj de 17 kil\u00f3metros (10,5 millas) que cerr\u00f3 el Giro.<\/p>\n<p>El ecuatoriano portaba la casaca rosa de l\u00edder general desde que gan\u00f3 una demandante 14ta etapa el 25 de mayo.<\/p>\n<p>Carapaz termin\u00f3 la carrera de tres semanas con una ventaja de un minuto y cinco segundos sobre su m\u00e1s cercano rival, el italiano Vincenzo Nibali, y 2:30 minutos delante del esloveno Primoz Roglic, quien arrebat\u00f3 el tercer lugar a Mikel Landa en la tabla general.<\/p>\n<div class=\"Article\" data-key=\"article\">\n<p>El estadounidense Chad Haga se llev\u00f3 la \u00faltima etapa, la primera que ganar en un Grand Tour. El belga Victor Campenaerts cruz\u00f3 la meta cuatro segundos despu\u00e9s, y Thomas De Gendt, tambi\u00e9n de B\u00e9lgica, lleg\u00f3 seis segundos m\u00e1s tarde que Haga.<\/p>\n<\/div>\n<aside class=\"RightRail\">\n<div id=\"div-gpt-ad-1461247613791-2\" class=\"DFPSlot\" data-key=\"ad-placeholder\" data-google-query-id=\"CPDL4L-ky-ICFcNowQodmIoOHA\"><\/div>\n<\/aside>\n","protected":false},"excerpt":{"rendered":"<p>VERONA, Italia (AP) \u2014 El ecuatoriano Richard Carapaz conquist\u00f3 su primer t\u00edtulo de un Grand Tour el domingo al ganar el Giro de Italia, al cubrir la \u00faltima etapa de la competencia, que culmin\u00f3 en Verona. Carapaz, del equipo Movistar y que apenas el mi\u00e9rcoles cumpli\u00f3 26 a\u00f1os, se recost\u00f3 emocionado sobre el manubrio dentro [&hellip;]<\/p>\n","protected":false},"author":9,"featured_media":54878,"comment_status":"closed","ping_status":"closed","sticky":false,"template":"","format":"standard","meta":[],"categories":[2,64,60],"tags":[],"acf":[],"_links":{"self":[{"href":"https:\/\/colimdo.org\/wp-api\/wp\/v2\/posts\/54837"}],"collection":[{"href":"https:\/\/colimdo.org\/wp-api\/wp\/v2\/posts"}],"about":[{"href":"https:\/\/colimdo.org\/wp-api\/wp\/v2\/types\/post"}],"author":[{"embeddable":true,"href":"https:\/\/colimdo.org\/wp-api\/wp\/v2\/users\/9"}],"replies":[{"embeddable":true,"href":"https:\/\/colimdo.org\/wp-api\/wp\/v2\/comments?post=54837"}],"version-history":[{"count":1,"href":"https:\/\/colimdo.org\/wp-api\/wp\/v2\/posts\/54837\/revisions"}],"predecessor-version":[{"id":54838,"href":"https:\/\/colimdo.org\/wp-api\/wp\/v2\/posts\/54837\/revisions\/54838"}],"wp:featuredmedia":[{"embeddable":true,"href":"https:\/\/colimdo.org\/wp-api\/wp\/v2\/media\/54878"}],"wp:attachment":[{"href":"https:\/\/colimdo.org\/wp-api\/wp\/v2\/media?parent=54837"}],"wp:term":[{"taxonomy":"category","embeddable":true,"href":"https:\/\/colimdo.org\/wp-api\/wp\/v2\/categories?post=54837"},{"taxonomy":"post_tag","embeddable":true,"href":"https:\/\/colimdo.org\/wp-api\/wp\/v2\/tags?post=54837"}],"curies":[{"name":"wp","href":"https:\/\/api.w.org\/{rel}","templated":true}]}}