{"id":54855,"date":"2019-06-02T21:52:30","date_gmt":"2019-06-02T21:52:30","guid":{"rendered":"https:\/\/colimdo.org\/?p=54855"},"modified":"2019-06-02T22:55:02","modified_gmt":"2019-06-02T22:55:02","slug":"fallece-periodista-ex-presidente-la-acds-felix-bruno","status":"publish","type":"post","link":"https:\/\/colimdo.org\/noticias\/fallece-periodista-ex-presidente-la-acds-felix-bruno\/","title":{"rendered":"Fallece el periodista y ex presidente de la ACDS F\u00e9lix Bruno"},"content":{"rendered":"<p>SANTIAGO.- Falleci\u00f3 este domingo en Santiago el veterano periodista y cronista deportivo F\u00e9lix Bruno, como consecuencia de complicaciones de salud.<\/p>\n<p>Bruno, quien ten\u00eda 74 a\u00f1os de edad, hab\u00eda confrontado problemas en los \u00faltimos meses fruto de un c\u00e1ncer pulmonar.<\/p>\n<p>Hasta el momento no han informado sobre los actos f\u00fanebres.<\/p>\n<p>Bruno fue miembro de la Asociaci\u00f3n de Locutores de Santiago (ALS), cuya entidad presidi\u00f3 en varias ocasiones. Tambi\u00e9n fue presidente de la Asociaci\u00f3n de Cronistas Deportivos de aqu\u00ed (ACDS). Fue miembro del primer sindicato de periodistas que se form\u00f3 en Rep\u00fablica Dominicana.<\/p>\n<p>En su trayectoria, de m\u00e1s de 50 a\u00f1os, labor\u00f3 en los peri\u00f3dicos El Sol, donde fue editor deportivo, as\u00ed como en La Informaci\u00f3n, List\u00edn Diario y El Caribe.<\/p>\n<p>Trabaj\u00f3 como locutor en las emisoras Radio Amistad, Hit Musical, Hondas del Yaque, Radio Norte, Libertad, entre otras.<\/p>\n<p>Desde que se diera a conocer su deceso, diversas personalidades han expresado pesar por la muerte del destacado comunicador.<\/p>\n<p><strong>FUENTE EXTERNA<\/strong><\/p>\n","protected":false},"excerpt":{"rendered":"<p>SANTIAGO.- Falleci\u00f3 este domingo en Santiago el veterano periodista y cronista deportivo F\u00e9lix Bruno, como consecuencia de complicaciones de salud. Bruno, quien ten\u00eda 74 a\u00f1os de edad, hab\u00eda confrontado problemas en los \u00faltimos meses fruto de un c\u00e1ncer pulmonar. Hasta el momento no han informado sobre los actos f\u00fanebres. Bruno fue miembro de la Asociaci\u00f3n [&hellip;]<\/p>\n","protected":false},"author":9,"featured_media":54856,"comment_status":"closed","ping_status":"closed","sticky":false,"template":"","format":"standard","meta":[],"categories":[2,60],"tags":[],"acf":[],"_links":{"self":[{"href":"https:\/\/colimdo.org\/wp-api\/wp\/v2\/posts\/54855"}],"collection":[{"href":"https:\/\/colimdo.org\/wp-api\/wp\/v2\/posts"}],"about":[{"href":"https:\/\/colimdo.org\/wp-api\/wp\/v2\/types\/post"}],"author":[{"embeddable":true,"href":"https:\/\/colimdo.org\/wp-api\/wp\/v2\/users\/9"}],"replies":[{"embeddable":true,"href":"https:\/\/colimdo.org\/wp-api\/wp\/v2\/comments?post=54855"}],"version-history":[{"count":1,"href":"https:\/\/colimdo.org\/wp-api\/wp\/v2\/posts\/54855\/revisions"}],"predecessor-version":[{"id":54857,"href":"https:\/\/colimdo.org\/wp-api\/wp\/v2\/posts\/54855\/revisions\/54857"}],"wp:featuredmedia":[{"embeddable":true,"href":"https:\/\/colimdo.org\/wp-api\/wp\/v2\/media\/54856"}],"wp:attachment":[{"href":"https:\/\/colimdo.org\/wp-api\/wp\/v2\/media?parent=54855"}],"wp:term":[{"taxonomy":"category","embeddable":true,"href":"https:\/\/colimdo.org\/wp-api\/wp\/v2\/categories?post=54855"},{"taxonomy":"post_tag","embeddable":true,"href":"https:\/\/colimdo.org\/wp-api\/wp\/v2\/tags?post=54855"}],"curies":[{"name":"wp","href":"https:\/\/api.w.org\/{rel}","templated":true}]}}