{"id":54862,"date":"2019-06-03T00:23:46","date_gmt":"2019-06-03T00:23:46","guid":{"rendered":"https:\/\/colimdo.org\/?p=54862"},"modified":"2019-06-03T00:23:46","modified_gmt":"2019-06-03T00:23:46","slug":"roban-apartamento-medallista-audrys-nin","status":"publish","type":"post","link":"https:\/\/colimdo.org\/noticias\/roban-apartamento-medallista-audrys-nin\/","title":{"rendered":"Roban en apartamento de medallista Audrys Nin"},"content":{"rendered":"<p>(LIST\u00cdN DIARIO) El padre del gimnasta dominicano, nativo de Barahona, Audrys N\u00edn Reyes, mostr\u00f3 preocupaci\u00f3n por la ola de violencia, delincuencia y criminalidad en el pa\u00eds, la cual toc\u00f3 la puerta de su familia con el robo en el apartamento donde se aloja su hijo deportista en la ciudad de Santo Domingo.<\/p>\n<p>Don Fredis Brigido N\u00edn Mella, padre de Audris, dijo que la delincuencia no respeta clase social, incluso la propia familia presidencial no escapa de las acciones de los antisociales con el asalto al mayor de la Polic\u00eda Nacional, asignado a la seguridad de los suegros del presidente de la Rep\u00fablica, Danilo Medina, quien result\u00f3 herido de varios balazos.<\/p>\n<p>Dijo que delincuentes se introdujeron en la residencia destacado medallista de oro, ubicada en el Parque del Este, de donde sustrajeron electrodom\u00e9sticos, varios pares de tenis y otras pertenencias.<\/p>\n<p>Manifest\u00f3 que su hijo N\u00ecn Reyes no se encontraba en la vivienda, en donde, adem\u00e1s, hab\u00eda en el parqueo el veh\u00edculo de un amigo, debido a que est\u00e1 en la Rep\u00fablica de Eslovenia, de Europa Central.<\/p>\n<p>\u201cSolo le dejaron alguna ropita\u201d, eso es lo de menos, sino qu\u00e9 pudo haber pasado en caso de mi hijo estar en la casa, a lo mejor pudieron haberlo lastimado ante cualquier reacci\u00f3n suya y troncharle su carrera deportiva\u201d, dijo con evidente preocupaci\u00f3n el padre de Audrys N\u00edn Reyes.<\/p>\n<p>N\u00edn Reyes regresa a la Rep\u00fablica Dominicana este lunes procedente de la Rep\u00fablica de Eslovenia, pero se encontrar\u00e1 con la sorpresa de que la vivienda en donde se aloja en la ciudad de Santo Domingo fue violentada \u00a0por delincuentes.<\/p>\n<p><strong>LIST\u00cdN DIARIO<\/strong><\/p>\n","protected":false},"excerpt":{"rendered":"<p>(LIST\u00cdN DIARIO) El padre del gimnasta dominicano, nativo de Barahona, Audrys N\u00edn Reyes, mostr\u00f3 preocupaci\u00f3n por la ola de violencia, delincuencia y criminalidad en el pa\u00eds, la cual toc\u00f3 la puerta de su familia con el robo en el apartamento donde se aloja su hijo deportista en la ciudad de Santo Domingo. Don Fredis Brigido [&hellip;]<\/p>\n","protected":false},"author":9,"featured_media":54863,"comment_status":"closed","ping_status":"closed","sticky":false,"template":"","format":"standard","meta":[],"categories":[2,60],"tags":[],"acf":[],"_links":{"self":[{"href":"https:\/\/colimdo.org\/wp-api\/wp\/v2\/posts\/54862"}],"collection":[{"href":"https:\/\/colimdo.org\/wp-api\/wp\/v2\/posts"}],"about":[{"href":"https:\/\/colimdo.org\/wp-api\/wp\/v2\/types\/post"}],"author":[{"embeddable":true,"href":"https:\/\/colimdo.org\/wp-api\/wp\/v2\/users\/9"}],"replies":[{"embeddable":true,"href":"https:\/\/colimdo.org\/wp-api\/wp\/v2\/comments?post=54862"}],"version-history":[{"count":1,"href":"https:\/\/colimdo.org\/wp-api\/wp\/v2\/posts\/54862\/revisions"}],"predecessor-version":[{"id":54864,"href":"https:\/\/colimdo.org\/wp-api\/wp\/v2\/posts\/54862\/revisions\/54864"}],"wp:featuredmedia":[{"embeddable":true,"href":"https:\/\/colimdo.org\/wp-api\/wp\/v2\/media\/54863"}],"wp:attachment":[{"href":"https:\/\/colimdo.org\/wp-api\/wp\/v2\/media?parent=54862"}],"wp:term":[{"taxonomy":"category","embeddable":true,"href":"https:\/\/colimdo.org\/wp-api\/wp\/v2\/categories?post=54862"},{"taxonomy":"post_tag","embeddable":true,"href":"https:\/\/colimdo.org\/wp-api\/wp\/v2\/tags?post=54862"}],"curies":[{"name":"wp","href":"https:\/\/api.w.org\/{rel}","templated":true}]}}