{"id":54881,"date":"2019-06-03T03:19:48","date_gmt":"2019-06-03T03:19:48","guid":{"rendered":"https:\/\/colimdo.org\/?p=54881"},"modified":"2019-06-03T03:19:48","modified_gmt":"2019-06-03T03:19:48","slug":"matos-eligio-listado-oficial-rd-sub-16","status":"publish","type":"post","link":"https:\/\/colimdo.org\/noticias\/matos-eligio-listado-oficial-rd-sub-16\/","title":{"rendered":"Matos eligi\u00f3 el listado oficial de RD para el Sub-16"},"content":{"rendered":"<p>SANTO DOMINGO (Rep\u00fablica Dominicana) &#8211; El entrenador de la Selecci\u00f3n Nacional Sub-16 de Rep\u00fablica Dominicana, Jonathan Matos anunci\u00f3 hoy los 12 jugadores que representar\u00e1n al pa\u00eds en el Campeonato FIBA Sub-16 de las Am\u00e9ricas 2019 en Belem, Brasil, del 3 al 9 de junio.<\/p>\n<p>Los dominicanos iniciar\u00e1n el campeonato continental frente a M\u00e9xico en acci\u00f3n del Grupo A. Los dominicanos entonces enfrentar\u00e1n a Argentina y Estados Unidos para cerrar la Fase de Grupo.<\/p>\n<p>Todos los equipos avanzar\u00e1n a los Cuartos de Final el 7 de junio. Las Semi-Finales se jugar\u00e1n el 8 de junio y la Final del Campeonato FIBA Sub-16 de las Am\u00e9ricas se jugar\u00e1 el 9 de junio.<\/p>\n<p>Los mejores cuatro equipos del Campeonato FIBA Sub-16 de las Am\u00e9ricas 2019 se clasificar\u00e1n a la Copa del Mundo Sub-17 de Baloncesto FIBA 2020.<\/p>\n<table class=\"default_style responsive\" cellpadding=\"5\">\n<tbody>\n<tr>\n<td colspan=\"4\"><strong>Listado de Rep\u00fablica Dominicana para el Sub-16 de las Am\u00e9ricas<\/strong><\/td>\n<\/tr>\n<tr>\n<td>Huascar Cuevas<\/td>\n<td>Silvano Grull\u00f3n<\/td>\n<td>Breylin Gar\u00eda<\/td>\n<td>Jean Montero<\/td>\n<\/tr>\n<tr>\n<td>Edixon G\u00f3mez<\/td>\n<td>Yuhanser Ynfante<\/td>\n<td>Nomar Tejada<\/td>\n<td>\u00c1ngel Pimentel<\/td>\n<\/tr>\n<tr>\n<td>\u00c1lex Ventura<\/td>\n<td>Handerson Silverio<\/td>\n<td>Luis Pe\u00f1a<\/td>\n<td>Gianfranco Farias<\/td>\n<\/tr>\n<\/tbody>\n<\/table>\n<p>&nbsp;<\/p>\n","protected":false},"excerpt":{"rendered":"<p>SANTO DOMINGO (Rep\u00fablica Dominicana) &#8211; El entrenador de la Selecci\u00f3n Nacional Sub-16 de Rep\u00fablica Dominicana, Jonathan Matos anunci\u00f3 hoy los 12 jugadores que representar\u00e1n al pa\u00eds en el Campeonato FIBA Sub-16 de las Am\u00e9ricas 2019 en Belem, Brasil, del 3 al 9 de junio. Los dominicanos iniciar\u00e1n el campeonato continental frente a M\u00e9xico en acci\u00f3n [&hellip;]<\/p>\n","protected":false},"author":9,"featured_media":54882,"comment_status":"closed","ping_status":"closed","sticky":false,"template":"","format":"standard","meta":[],"categories":[3,2,60],"tags":[],"acf":[],"_links":{"self":[{"href":"https:\/\/colimdo.org\/wp-api\/wp\/v2\/posts\/54881"}],"collection":[{"href":"https:\/\/colimdo.org\/wp-api\/wp\/v2\/posts"}],"about":[{"href":"https:\/\/colimdo.org\/wp-api\/wp\/v2\/types\/post"}],"author":[{"embeddable":true,"href":"https:\/\/colimdo.org\/wp-api\/wp\/v2\/users\/9"}],"replies":[{"embeddable":true,"href":"https:\/\/colimdo.org\/wp-api\/wp\/v2\/comments?post=54881"}],"version-history":[{"count":1,"href":"https:\/\/colimdo.org\/wp-api\/wp\/v2\/posts\/54881\/revisions"}],"predecessor-version":[{"id":54883,"href":"https:\/\/colimdo.org\/wp-api\/wp\/v2\/posts\/54881\/revisions\/54883"}],"wp:featuredmedia":[{"embeddable":true,"href":"https:\/\/colimdo.org\/wp-api\/wp\/v2\/media\/54882"}],"wp:attachment":[{"href":"https:\/\/colimdo.org\/wp-api\/wp\/v2\/media?parent=54881"}],"wp:term":[{"taxonomy":"category","embeddable":true,"href":"https:\/\/colimdo.org\/wp-api\/wp\/v2\/categories?post=54881"},{"taxonomy":"post_tag","embeddable":true,"href":"https:\/\/colimdo.org\/wp-api\/wp\/v2\/tags?post=54881"}],"curies":[{"name":"wp","href":"https:\/\/api.w.org\/{rel}","templated":true}]}}